{"id":1703,"date":"2020-05-10T13:18:23","date_gmt":"2020-05-10T12:18:23","guid":{"rendered":"https:\/\/www.bagelcorner.fr\/?p=1703"},"modified":"2023-03-14T14:31:01","modified_gmt":"2023-03-14T14:31:01","slug":"bagel-corner-ouverture-post-covid","status":"publish","type":"post","link":"https:\/\/www.bagelcorner.fr\/en\/bagel-corner-ouverture-post-covid\/","title":{"rendered":"Bagel Corner back in business"},"content":{"rendered":"<p>Dear customers,<\/p>\n<p>Here's the table you've all been waiting for for a few days to find out all about the reopening of the Bagel Corner network \ud83d\udd7a\ud83c\udffb \ud83c\udf89<\/p>\n<p><img fetchpriority=\"high\" decoding=\"async\" class=\"aligncenter wp-image-1705 size-large\" src=\"https:\/\/www.bagelcorner.fr\/wp-content\/uploads\/2020\/05\/Capture-de\u0301cran-2020-05-10-a\u0300-14.10.33-1024x403.png\" alt=\"\" width=\"800\" height=\"315\" srcset=\"https:\/\/www.bagelcorner.fr\/wp-content\/uploads\/2020\/05\/Capture-de\u0301cran-2020-05-10-a\u0300-14.10.33-1024x403.png 1024w, https:\/\/www.bagelcorner.fr\/wp-content\/uploads\/2020\/05\/Capture-de\u0301cran-2020-05-10-a\u0300-14.10.33-300x118.png 300w, https:\/\/www.bagelcorner.fr\/wp-content\/uploads\/2020\/05\/Capture-de\u0301cran-2020-05-10-a\u0300-14.10.33-768x303.png 768w, https:\/\/www.bagelcorner.fr\/wp-content\/uploads\/2020\/05\/Capture-de\u0301cran-2020-05-10-a\u0300-14.10.33-18x7.png 18w, https:\/\/www.bagelcorner.fr\/wp-content\/uploads\/2020\/05\/Capture-de\u0301cran-2020-05-10-a\u0300-14.10.33.png 1528w\" sizes=\"(max-width: 800px) 100vw, 800px\" \/><\/p>\n<p>Almost all our restaurants (excluding shopping centres) will be operational from Monday 11 May in <strong>Click &amp; Collect<\/strong> <em>(order online and collect at the restaurant)<\/em> via the website <strong><a href=\"http:\/\/commander.bagelcorner.fr\" target=\"_blank\" rel=\"noopener\">http:\/\/commander.bagelcorner.fr<\/a><\/strong><\/p>\n<p><strong>Getting your order delivered couldn't be easier<\/strong>You can find all the delivery services associated with our restaurants in the table below. <strong>order on your favourite apps with contactless delivery<\/strong>.<\/p>\n<p>Many restaurants will also be introducing <strong>an on-the-spot control system while remaining outdoors<\/strong> of the restaurant (contactless CB payment recommended).<\/p>\n<p>If you have any specific questions, please call your restaurant directly. You will find the telephone numbers on the \"find us\" tab of this site.<\/p>\n<style type=\"text\/css\"><!--td {border: 1px solid #ccc;}br {mso-data-placement:same-cell;}--><\/style>\n<p><iframe src=\"https:\/\/docs.google.com\/spreadsheets\/d\/e\/2PACX-1vQ3N54aBlanNF0m_oBAWeJ4WkXlm_0V7jZ0qfJ2QX7qGtzjIg7x_0iWW1pPiFLK8RB94rjFqPVNbFnb\/pubhtml?gid=1753420606&amp;single=true&amp;widget=true&amp;headers=false\" width=\"930\" height=\"1800\"><\/iframe><\/p>\n<p><img decoding=\"async\" class=\"alignnone wp-image-1706 size-large\" src=\"https:\/\/www.bagelcorner.fr\/wp-content\/uploads\/2020\/05\/Capture-de\u0301cran-2020-05-10-a\u0300-14.09.48-1024x728.png\" alt=\"\" width=\"800\" height=\"569\" srcset=\"https:\/\/www.bagelcorner.fr\/wp-content\/uploads\/2020\/05\/Capture-de\u0301cran-2020-05-10-a\u0300-14.09.48-1024x728.png 1024w, https:\/\/www.bagelcorner.fr\/wp-content\/uploads\/2020\/05\/Capture-de\u0301cran-2020-05-10-a\u0300-14.09.48-300x213.png 300w, https:\/\/www.bagelcorner.fr\/wp-content\/uploads\/2020\/05\/Capture-de\u0301cran-2020-05-10-a\u0300-14.09.48-768x546.png 768w, https:\/\/www.bagelcorner.fr\/wp-content\/uploads\/2020\/05\/Capture-de\u0301cran-2020-05-10-a\u0300-14.09.48-18x12.png 18w, https:\/\/www.bagelcorner.fr\/wp-content\/uploads\/2020\/05\/Capture-de\u0301cran-2020-05-10-a\u0300-14.09.48.png 1300w\" sizes=\"(max-width: 800px) 100vw, 800px\" \/><\/p>\n<p><img decoding=\"async\" class=\"alignleft wp-image-1707\" src=\"https:\/\/www.bagelcorner.fr\/wp-content\/uploads\/2020\/05\/Capture-de\u0301cran-2020-05-10-a\u0300-14.10.07-1024x610.png\" alt=\"\" width=\"736\" height=\"439\" srcset=\"https:\/\/www.bagelcorner.fr\/wp-content\/uploads\/2020\/05\/Capture-de\u0301cran-2020-05-10-a\u0300-14.10.07-1024x610.png 1024w, https:\/\/www.bagelcorner.fr\/wp-content\/uploads\/2020\/05\/Capture-de\u0301cran-2020-05-10-a\u0300-14.10.07-300x179.png 300w, https:\/\/www.bagelcorner.fr\/wp-content\/uploads\/2020\/05\/Capture-de\u0301cran-2020-05-10-a\u0300-14.10.07-768x457.png 768w, https:\/\/www.bagelcorner.fr\/wp-content\/uploads\/2020\/05\/Capture-de\u0301cran-2020-05-10-a\u0300-14.10.07-18x12.png 18w, https:\/\/www.bagelcorner.fr\/wp-content\/uploads\/2020\/05\/Capture-de\u0301cran-2020-05-10-a\u0300-14.10.07.png 1300w\" sizes=\"(max-width: 736px) 100vw, 736px\" \/><\/p>\n<p>We look forward to seeing you at \u2764\ufe0f<\/p>","protected":false},"excerpt":{"rendered":"<p>Dear customers, Here's the table you've all been waiting for for a few days to find out all about the reopening of the Bagel Corner network \ud83d\udd7a\ud83c\udffb \ud83c\udf89 Almost all our restaurants (excluding shopping centres) will be open from Monday 11 May for Click &amp; Collect (ordering online and collection at the restaurant) via the [...].<\/p>","protected":false},"author":1,"featured_media":1704,"comment_status":"open","ping_status":"open","sticky":false,"template":"","format":"standard","meta":{"footnotes":""},"categories":[10,74],"tags":[],"class_list":["post-1703","post","type-post","status-publish","format-standard","has-post-thumbnail","hentry","category-les-news-du-reseau-bagel-corner","category-news"],"yoast_head":"<!-- This site is optimized with the Yoast SEO plugin v27.5 - https:\/\/yoast.com\/product\/yoast-seo-wordpress\/ -->\n<title>Bagel Corner reprend du service<\/title>\n<meta name=\"robots\" content=\"index, follow, max-snippet:-1, max-image-preview:large, max-video-preview:-1\" \/>\n<link rel=\"canonical\" href=\"https:\/\/www.bagelcorner.fr\/en\/bagel-corner-ouverture-post-covid\/\" \/>\n<meta property=\"og:locale\" content=\"en_GB\" \/>\n<meta property=\"og:type\" content=\"article\" \/>\n<meta property=\"og:title\" content=\"Bagel Corner reprend du service\" \/>\n<meta property=\"og:description\" content=\"Ch\u00e8res clientes, chers clients, Voici le tableau que vous attendiez tous depuis quelques jours pour tout savoir de la r\u00e9ouverture dans le r\u00e9seau Bagel Corner \ud83d\udd7a\ud83c\udffb \ud83c\udf89 La quasi totalit\u00e9 de nos restaurants (hors centre commerciaux) seront op\u00e9rationnels d\u00e8s lundi 11 mai en Click &amp; Collect (commande sur internet et retrait au restaurant) via le [&hellip;]\" \/>\n<meta property=\"og:url\" content=\"https:\/\/www.bagelcorner.fr\/en\/bagel-corner-ouverture-post-covid\/\" \/>\n<meta property=\"og:site_name\" content=\"Bagel Corner | Bagels - Donuts - Caf\u00e9\" \/>\n<meta property=\"article:published_time\" content=\"2020-05-10T12:18:23+00:00\" \/>\n<meta property=\"article:modified_time\" content=\"2023-03-14T14:31:01+00:00\" \/>\n<meta property=\"og:image\" content=\"https:\/\/www.bagelcorner.fr\/wp-content\/uploads\/2020\/05\/post_covid-onestderetour_04.jpg\" \/>\n\t<meta property=\"og:image:width\" content=\"1080\" \/>\n\t<meta property=\"og:image:height\" content=\"1080\" \/>\n\t<meta property=\"og:image:type\" content=\"image\/jpeg\" \/>\n<meta name=\"author\" content=\"Myliadmin\" \/>\n<meta name=\"twitter:card\" content=\"summary_large_image\" \/>\n<meta name=\"twitter:label1\" content=\"Written by\" \/>\n\t<meta name=\"twitter:data1\" content=\"Myliadmin\" \/>\n\t<meta name=\"twitter:label2\" content=\"Estimated reading time\" \/>\n\t<meta name=\"twitter:data2\" content=\"2 minutes\" \/>\n<script type=\"application\/ld+json\" class=\"yoast-schema-graph\">{\"@context\":\"https:\\\/\\\/schema.org\",\"@graph\":[{\"@type\":\"Article\",\"@id\":\"https:\\\/\\\/www.bagelcorner.fr\\\/bagel-corner-ouverture-post-covid\\\/#article\",\"isPartOf\":{\"@id\":\"https:\\\/\\\/www.bagelcorner.fr\\\/bagel-corner-ouverture-post-covid\\\/\"},\"author\":{\"name\":\"Myliadmin\",\"@id\":\"https:\\\/\\\/www.bagelcorner.fr\\\/#\\\/schema\\\/person\\\/a6259c8df5cce982d8499888ca7daa61\"},\"headline\":\"Bagel Corner reprend du service\",\"datePublished\":\"2020-05-10T12:18:23+00:00\",\"dateModified\":\"2023-03-14T14:31:01+00:00\",\"mainEntityOfPage\":{\"@id\":\"https:\\\/\\\/www.bagelcorner.fr\\\/bagel-corner-ouverture-post-covid\\\/\"},\"wordCount\":164,\"commentCount\":0,\"publisher\":{\"@id\":\"https:\\\/\\\/www.bagelcorner.fr\\\/#organization\"},\"image\":{\"@id\":\"https:\\\/\\\/www.bagelcorner.fr\\\/bagel-corner-ouverture-post-covid\\\/#primaryimage\"},\"thumbnailUrl\":\"https:\\\/\\\/www.bagelcorner.fr\\\/wp-content\\\/uploads\\\/2020\\\/05\\\/post_covid-onestderetour_04.jpg\",\"articleSection\":[\"Les news du r\u00e9seau Bagel Corner\",\"News\"],\"inLanguage\":\"en-GB\",\"potentialAction\":[{\"@type\":\"CommentAction\",\"name\":\"Comment\",\"target\":[\"https:\\\/\\\/www.bagelcorner.fr\\\/bagel-corner-ouverture-post-covid\\\/#respond\"]}]},{\"@type\":\"WebPage\",\"@id\":\"https:\\\/\\\/www.bagelcorner.fr\\\/bagel-corner-ouverture-post-covid\\\/\",\"url\":\"https:\\\/\\\/www.bagelcorner.fr\\\/bagel-corner-ouverture-post-covid\\\/\",\"name\":\"Bagel Corner reprend du service\",\"isPartOf\":{\"@id\":\"https:\\\/\\\/www.bagelcorner.fr\\\/#website\"},\"primaryImageOfPage\":{\"@id\":\"https:\\\/\\\/www.bagelcorner.fr\\\/bagel-corner-ouverture-post-covid\\\/#primaryimage\"},\"image\":{\"@id\":\"https:\\\/\\\/www.bagelcorner.fr\\\/bagel-corner-ouverture-post-covid\\\/#primaryimage\"},\"thumbnailUrl\":\"https:\\\/\\\/www.bagelcorner.fr\\\/wp-content\\\/uploads\\\/2020\\\/05\\\/post_covid-onestderetour_04.jpg\",\"datePublished\":\"2020-05-10T12:18:23+00:00\",\"dateModified\":\"2023-03-14T14:31:01+00:00\",\"breadcrumb\":{\"@id\":\"https:\\\/\\\/www.bagelcorner.fr\\\/bagel-corner-ouverture-post-covid\\\/#breadcrumb\"},\"inLanguage\":\"en-GB\",\"potentialAction\":[{\"@type\":\"ReadAction\",\"target\":[\"https:\\\/\\\/www.bagelcorner.fr\\\/bagel-corner-ouverture-post-covid\\\/\"]}]},{\"@type\":\"ImageObject\",\"inLanguage\":\"en-GB\",\"@id\":\"https:\\\/\\\/www.bagelcorner.fr\\\/bagel-corner-ouverture-post-covid\\\/#primaryimage\",\"url\":\"https:\\\/\\\/www.bagelcorner.fr\\\/wp-content\\\/uploads\\\/2020\\\/05\\\/post_covid-onestderetour_04.jpg\",\"contentUrl\":\"https:\\\/\\\/www.bagelcorner.fr\\\/wp-content\\\/uploads\\\/2020\\\/05\\\/post_covid-onestderetour_04.jpg\",\"width\":1080,\"height\":1080},{\"@type\":\"BreadcrumbList\",\"@id\":\"https:\\\/\\\/www.bagelcorner.fr\\\/bagel-corner-ouverture-post-covid\\\/#breadcrumb\",\"itemListElement\":[{\"@type\":\"ListItem\",\"position\":1,\"name\":\"Accueil\",\"item\":\"https:\\\/\\\/www.bagelcorner.fr\\\/\"},{\"@type\":\"ListItem\",\"position\":2,\"name\":\"Bagel Corner reprend du service\"}]},{\"@type\":\"WebSite\",\"@id\":\"https:\\\/\\\/www.bagelcorner.fr\\\/#website\",\"url\":\"https:\\\/\\\/www.bagelcorner.fr\\\/\",\"name\":\"Bagel Corner | Bagels - Donuts - Caf\u00e9\",\"description\":\"Nous avons la passion du bagel \u2013 pas (encore) vous ?\",\"publisher\":{\"@id\":\"https:\\\/\\\/www.bagelcorner.fr\\\/#organization\"},\"potentialAction\":[{\"@type\":\"SearchAction\",\"target\":{\"@type\":\"EntryPoint\",\"urlTemplate\":\"https:\\\/\\\/www.bagelcorner.fr\\\/?s={search_term_string}\"},\"query-input\":{\"@type\":\"PropertyValueSpecification\",\"valueRequired\":true,\"valueName\":\"search_term_string\"}}],\"inLanguage\":\"en-GB\"},{\"@type\":\"Organization\",\"@id\":\"https:\\\/\\\/www.bagelcorner.fr\\\/#organization\",\"name\":\"Bagel Corner | Bagels - Donuts - Caf\u00e9\",\"url\":\"https:\\\/\\\/www.bagelcorner.fr\\\/\",\"logo\":{\"@type\":\"ImageObject\",\"inLanguage\":\"en-GB\",\"@id\":\"https:\\\/\\\/www.bagelcorner.fr\\\/#\\\/schema\\\/logo\\\/image\\\/\",\"url\":\"https:\\\/\\\/www.bagelcorner.fr\\\/wp-content\\\/uploads\\\/2023\\\/03\\\/cropped-cropped-LOGO-PASTILLE.png\",\"contentUrl\":\"https:\\\/\\\/www.bagelcorner.fr\\\/wp-content\\\/uploads\\\/2023\\\/03\\\/cropped-cropped-LOGO-PASTILLE.png\",\"width\":511,\"height\":511,\"caption\":\"Bagel Corner | Bagels - Donuts - Caf\u00e9\"},\"image\":{\"@id\":\"https:\\\/\\\/www.bagelcorner.fr\\\/#\\\/schema\\\/logo\\\/image\\\/\"}},{\"@type\":\"Person\",\"@id\":\"https:\\\/\\\/www.bagelcorner.fr\\\/#\\\/schema\\\/person\\\/a6259c8df5cce982d8499888ca7daa61\",\"name\":\"Myliadmin\",\"image\":{\"@type\":\"ImageObject\",\"inLanguage\":\"en-GB\",\"@id\":\"https:\\\/\\\/secure.gravatar.com\\\/avatar\\\/21ceca4180d2badde41972fb76c119b32d16dc480d4123d6a501257ca41c826f?s=96&d=mm&r=g\",\"url\":\"https:\\\/\\\/secure.gravatar.com\\\/avatar\\\/21ceca4180d2badde41972fb76c119b32d16dc480d4123d6a501257ca41c826f?s=96&d=mm&r=g\",\"contentUrl\":\"https:\\\/\\\/secure.gravatar.com\\\/avatar\\\/21ceca4180d2badde41972fb76c119b32d16dc480d4123d6a501257ca41c826f?s=96&d=mm&r=g\",\"caption\":\"Myliadmin\"},\"sameAs\":[\"http:\\\/\\\/www.bagelcorner.fr\"],\"url\":\"https:\\\/\\\/www.bagelcorner.fr\\\/en\\\/author\\\/myliadmin\\\/\"}]}<\/script>\n<!-- \/ Yoast SEO plugin. -->","yoast_head_json":{"title":"Bagel Corner back in business","robots":{"index":"index","follow":"follow","max-snippet":"max-snippet:-1","max-image-preview":"max-image-preview:large","max-video-preview":"max-video-preview:-1"},"canonical":"https:\/\/www.bagelcorner.fr\/en\/bagel-corner-ouverture-post-covid\/","og_locale":"en_GB","og_type":"article","og_title":"Bagel Corner reprend du service","og_description":"Ch\u00e8res clientes, chers clients, Voici le tableau que vous attendiez tous depuis quelques jours pour tout savoir de la r\u00e9ouverture dans le r\u00e9seau Bagel Corner \ud83d\udd7a\ud83c\udffb \ud83c\udf89 La quasi totalit\u00e9 de nos restaurants (hors centre commerciaux) seront op\u00e9rationnels d\u00e8s lundi 11 mai en Click &amp; Collect (commande sur internet et retrait au restaurant) via le [&hellip;]","og_url":"https:\/\/www.bagelcorner.fr\/en\/bagel-corner-ouverture-post-covid\/","og_site_name":"Bagel Corner | Bagels - Donuts - Caf\u00e9","article_published_time":"2020-05-10T12:18:23+00:00","article_modified_time":"2023-03-14T14:31:01+00:00","og_image":[{"width":1080,"height":1080,"url":"https:\/\/www.bagelcorner.fr\/wp-content\/uploads\/2020\/05\/post_covid-onestderetour_04.jpg","type":"image\/jpeg"}],"author":"Myliadmin","twitter_card":"summary_large_image","twitter_misc":{"Written by":"Myliadmin","Estimated reading time":"2 minutes"},"schema":{"@context":"https:\/\/schema.org","@graph":[{"@type":"Article","@id":"https:\/\/www.bagelcorner.fr\/bagel-corner-ouverture-post-covid\/#article","isPartOf":{"@id":"https:\/\/www.bagelcorner.fr\/bagel-corner-ouverture-post-covid\/"},"author":{"name":"Myliadmin","@id":"https:\/\/www.bagelcorner.fr\/#\/schema\/person\/a6259c8df5cce982d8499888ca7daa61"},"headline":"Bagel Corner reprend du service","datePublished":"2020-05-10T12:18:23+00:00","dateModified":"2023-03-14T14:31:01+00:00","mainEntityOfPage":{"@id":"https:\/\/www.bagelcorner.fr\/bagel-corner-ouverture-post-covid\/"},"wordCount":164,"commentCount":0,"publisher":{"@id":"https:\/\/www.bagelcorner.fr\/#organization"},"image":{"@id":"https:\/\/www.bagelcorner.fr\/bagel-corner-ouverture-post-covid\/#primaryimage"},"thumbnailUrl":"https:\/\/www.bagelcorner.fr\/wp-content\/uploads\/2020\/05\/post_covid-onestderetour_04.jpg","articleSection":["Les news du r\u00e9seau Bagel Corner","News"],"inLanguage":"en-GB","potentialAction":[{"@type":"CommentAction","name":"Comment","target":["https:\/\/www.bagelcorner.fr\/bagel-corner-ouverture-post-covid\/#respond"]}]},{"@type":"WebPage","@id":"https:\/\/www.bagelcorner.fr\/bagel-corner-ouverture-post-covid\/","url":"https:\/\/www.bagelcorner.fr\/bagel-corner-ouverture-post-covid\/","name":"Bagel Corner back in business","isPartOf":{"@id":"https:\/\/www.bagelcorner.fr\/#website"},"primaryImageOfPage":{"@id":"https:\/\/www.bagelcorner.fr\/bagel-corner-ouverture-post-covid\/#primaryimage"},"image":{"@id":"https:\/\/www.bagelcorner.fr\/bagel-corner-ouverture-post-covid\/#primaryimage"},"thumbnailUrl":"https:\/\/www.bagelcorner.fr\/wp-content\/uploads\/2020\/05\/post_covid-onestderetour_04.jpg","datePublished":"2020-05-10T12:18:23+00:00","dateModified":"2023-03-14T14:31:01+00:00","breadcrumb":{"@id":"https:\/\/www.bagelcorner.fr\/bagel-corner-ouverture-post-covid\/#breadcrumb"},"inLanguage":"en-GB","potentialAction":[{"@type":"ReadAction","target":["https:\/\/www.bagelcorner.fr\/bagel-corner-ouverture-post-covid\/"]}]},{"@type":"ImageObject","inLanguage":"en-GB","@id":"https:\/\/www.bagelcorner.fr\/bagel-corner-ouverture-post-covid\/#primaryimage","url":"https:\/\/www.bagelcorner.fr\/wp-content\/uploads\/2020\/05\/post_covid-onestderetour_04.jpg","contentUrl":"https:\/\/www.bagelcorner.fr\/wp-content\/uploads\/2020\/05\/post_covid-onestderetour_04.jpg","width":1080,"height":1080},{"@type":"BreadcrumbList","@id":"https:\/\/www.bagelcorner.fr\/bagel-corner-ouverture-post-covid\/#breadcrumb","itemListElement":[{"@type":"ListItem","position":1,"name":"Accueil","item":"https:\/\/www.bagelcorner.fr\/"},{"@type":"ListItem","position":2,"name":"Bagel Corner reprend du service"}]},{"@type":"WebSite","@id":"https:\/\/www.bagelcorner.fr\/#website","url":"https:\/\/www.bagelcorner.fr\/","name":"Bagel Corner | Bagels - Donuts - Coffee","description":"We have a passion for bagels - don't you (yet)?","publisher":{"@id":"https:\/\/www.bagelcorner.fr\/#organization"},"potentialAction":[{"@type":"SearchAction","target":{"@type":"EntryPoint","urlTemplate":"https:\/\/www.bagelcorner.fr\/?s={search_term_string}"},"query-input":{"@type":"PropertyValueSpecification","valueRequired":true,"valueName":"search_term_string"}}],"inLanguage":"en-GB"},{"@type":"Organization","@id":"https:\/\/www.bagelcorner.fr\/#organization","name":"Bagel Corner | Bagels - Donuts - Coffee","url":"https:\/\/www.bagelcorner.fr\/","logo":{"@type":"ImageObject","inLanguage":"en-GB","@id":"https:\/\/www.bagelcorner.fr\/#\/schema\/logo\/image\/","url":"https:\/\/www.bagelcorner.fr\/wp-content\/uploads\/2023\/03\/cropped-cropped-LOGO-PASTILLE.png","contentUrl":"https:\/\/www.bagelcorner.fr\/wp-content\/uploads\/2023\/03\/cropped-cropped-LOGO-PASTILLE.png","width":511,"height":511,"caption":"Bagel Corner | Bagels - Donuts - Caf\u00e9"},"image":{"@id":"https:\/\/www.bagelcorner.fr\/#\/schema\/logo\/image\/"}},{"@type":"Person","@id":"https:\/\/www.bagelcorner.fr\/#\/schema\/person\/a6259c8df5cce982d8499888ca7daa61","name":"Myliadmin","image":{"@type":"ImageObject","inLanguage":"en-GB","@id":"https:\/\/secure.gravatar.com\/avatar\/21ceca4180d2badde41972fb76c119b32d16dc480d4123d6a501257ca41c826f?s=96&d=mm&r=g","url":"https:\/\/secure.gravatar.com\/avatar\/21ceca4180d2badde41972fb76c119b32d16dc480d4123d6a501257ca41c826f?s=96&d=mm&r=g","contentUrl":"https:\/\/secure.gravatar.com\/avatar\/21ceca4180d2badde41972fb76c119b32d16dc480d4123d6a501257ca41c826f?s=96&d=mm&r=g","caption":"Myliadmin"},"sameAs":["http:\/\/www.bagelcorner.fr"],"url":"https:\/\/www.bagelcorner.fr\/en\/author\/myliadmin\/"}]}},"_links":{"self":[{"href":"https:\/\/www.bagelcorner.fr\/en\/wp-json\/wp\/v2\/posts\/1703","targetHints":{"allow":["GET"]}}],"collection":[{"href":"https:\/\/www.bagelcorner.fr\/en\/wp-json\/wp\/v2\/posts"}],"about":[{"href":"https:\/\/www.bagelcorner.fr\/en\/wp-json\/wp\/v2\/types\/post"}],"author":[{"embeddable":true,"href":"https:\/\/www.bagelcorner.fr\/en\/wp-json\/wp\/v2\/users\/1"}],"replies":[{"embeddable":true,"href":"https:\/\/www.bagelcorner.fr\/en\/wp-json\/wp\/v2\/comments?post=1703"}],"version-history":[{"count":0,"href":"https:\/\/www.bagelcorner.fr\/en\/wp-json\/wp\/v2\/posts\/1703\/revisions"}],"wp:featuredmedia":[{"embeddable":true,"href":"https:\/\/www.bagelcorner.fr\/en\/wp-json\/wp\/v2\/media\/1704"}],"wp:attachment":[{"href":"https:\/\/www.bagelcorner.fr\/en\/wp-json\/wp\/v2\/media?parent=1703"}],"wp:term":[{"taxonomy":"category","embeddable":true,"href":"https:\/\/www.bagelcorner.fr\/en\/wp-json\/wp\/v2\/categories?post=1703"},{"taxonomy":"post_tag","embeddable":true,"href":"https:\/\/www.bagelcorner.fr\/en\/wp-json\/wp\/v2\/tags?post=1703"}],"curies":[{"name":"wp","href":"https:\/\/api.w.org\/{rel}","templated":true}]}}