{"id":1759,"date":"2020-06-04T12:03:23","date_gmt":"2020-06-04T11:03:23","guid":{"rendered":"https:\/\/www.bagelcorner.fr\/?p=1759"},"modified":"2023-03-14T14:31:01","modified_gmt":"2023-03-14T14:31:01","slug":"les-dernieres-ouvertures-du-reseau-2","status":"publish","type":"post","link":"https:\/\/www.bagelcorner.fr\/en\/les-dernieres-ouvertures-du-reseau-2\/","title":{"rendered":"Latest network openings"},"content":{"rendered":"<p>The period we've just been through has been long and difficult, but that hasn't affected the motivation of our licensees! Let's take a look back at the openings at the start of the year, the adventures that began just after 11 May and those to come in the next few weeks \ud83d\udd25<\/p>\n<h3><\/h3>\n<h3><strong>They are already open:<\/strong><\/h3>\n<p><strong>Bagel Corner Villefranche sur Sa\u00f4ne: 726 rue nationale<\/strong><\/p>\n<p>Open Monday to Saturday: 11am - 8pm<\/p>\n<p>To follow the restaurant click here : <a href=\"https:\/\/restaurants.bagelcorner.fr\/villefranche-sur-saone\/\" target=\"_blank\" rel=\"noopener\">Bagel Corner Villefranche sur Sa\u00f4ne<\/a><\/p>\n<p><img fetchpriority=\"high\" decoding=\"async\" class=\"alignnone wp-image-1760 size-large\" src=\"https:\/\/www.bagelcorner.fr\/wp-content\/uploads\/2020\/06\/Capture-de\u0301cran-2020-06-04-a\u0300-12.28.49-1024x769.jpg\" alt=\"\" width=\"800\" height=\"601\" srcset=\"https:\/\/www.bagelcorner.fr\/wp-content\/uploads\/2020\/06\/Capture-de\u0301cran-2020-06-04-a\u0300-12.28.49-1024x769.jpg 1024w, https:\/\/www.bagelcorner.fr\/wp-content\/uploads\/2020\/06\/Capture-de\u0301cran-2020-06-04-a\u0300-12.28.49-300x225.jpg 300w, https:\/\/www.bagelcorner.fr\/wp-content\/uploads\/2020\/06\/Capture-de\u0301cran-2020-06-04-a\u0300-12.28.49-768x577.jpg 768w, https:\/\/www.bagelcorner.fr\/wp-content\/uploads\/2020\/06\/Capture-de\u0301cran-2020-06-04-a\u0300-12.28.49-16x12.png 16w, https:\/\/www.bagelcorner.fr\/wp-content\/uploads\/2020\/06\/Capture-de\u0301cran-2020-06-04-a\u0300-12.28.49.jpg 1408w\" sizes=\"(max-width: 800px) 100vw, 800px\" \/><\/p>\n<p><strong>Bagel Corner Cambrai: 8 Place Aristide Briand<\/strong><\/p>\n<p>Open Monday to Saturday 11am - 3pm &amp; 6.30pm - 9.30pm<\/p>\n<p>Tel: 03.27.83.35.06<\/p>\n<p>To follow the restaurant's Facebook page click here : <a href=\"https:\/\/www.facebook.com\/bagelcorner.cambrai\/?modal=admin_todo_tour\" target=\"_blank\" rel=\"noopener\">Bagel Corner Cambrai<\/a><\/p>\n<p><img decoding=\"async\" class=\"alignnone wp-image-1761 size-large\" src=\"https:\/\/www.bagelcorner.fr\/wp-content\/uploads\/2020\/06\/Capture-de\u0301cran-2020-06-04-a\u0300-12.36.02-1024x761.jpg\" alt=\"\" width=\"800\" height=\"595\" srcset=\"https:\/\/www.bagelcorner.fr\/wp-content\/uploads\/2020\/06\/Capture-de\u0301cran-2020-06-04-a\u0300-12.36.02-1024x761.jpg 1024w, https:\/\/www.bagelcorner.fr\/wp-content\/uploads\/2020\/06\/Capture-de\u0301cran-2020-06-04-a\u0300-12.36.02-300x223.jpg 300w, https:\/\/www.bagelcorner.fr\/wp-content\/uploads\/2020\/06\/Capture-de\u0301cran-2020-06-04-a\u0300-12.36.02-768x571.jpg 768w, https:\/\/www.bagelcorner.fr\/wp-content\/uploads\/2020\/06\/Capture-de\u0301cran-2020-06-04-a\u0300-12.36.02-16x12.png 16w, https:\/\/www.bagelcorner.fr\/wp-content\/uploads\/2020\/06\/Capture-de\u0301cran-2020-06-04-a\u0300-12.36.02.jpg 1402w\" sizes=\"(max-width: 800px) 100vw, 800px\" \/><\/p>\n<p><strong>Bagel Corner N\u00eemes: 21 place du march\u00e9<\/strong><\/p>\n<p>Open Monday to Wednesday 11am - 2pm and Thursday to Saturday 11am - 2pm &amp; 6.30pm - 9.30pm<\/p>\n<p>Tel.: 04 66 05 95 63<\/p>\n<p>To follow the restaurant's Facebook page click here : <a href=\"https:\/\/www.facebook.com\/bagelcorner.nimes\/\" target=\"_blank\" rel=\"noopener\">Bagel Corner N\u00eemes<\/a><\/p>\n<p><img decoding=\"async\" class=\"alignnone wp-image-1762 size-large\" src=\"https:\/\/www.bagelcorner.fr\/wp-content\/uploads\/2020\/06\/Capture-de\u0301cran-2020-06-04-a\u0300-12.41.35-1024x763.jpg\" alt=\"\" width=\"800\" height=\"596\" srcset=\"https:\/\/www.bagelcorner.fr\/wp-content\/uploads\/2020\/06\/Capture-de\u0301cran-2020-06-04-a\u0300-12.41.35-1024x763.jpg 1024w, https:\/\/www.bagelcorner.fr\/wp-content\/uploads\/2020\/06\/Capture-de\u0301cran-2020-06-04-a\u0300-12.41.35-300x224.jpg 300w, https:\/\/www.bagelcorner.fr\/wp-content\/uploads\/2020\/06\/Capture-de\u0301cran-2020-06-04-a\u0300-12.41.35-768x572.jpg 768w, https:\/\/www.bagelcorner.fr\/wp-content\/uploads\/2020\/06\/Capture-de\u0301cran-2020-06-04-a\u0300-12.41.35-16x12.png 16w, https:\/\/www.bagelcorner.fr\/wp-content\/uploads\/2020\/06\/Capture-de\u0301cran-2020-06-04-a\u0300-12.41.35.jpg 1398w\" sizes=\"(max-width: 800px) 100vw, 800px\" \/><\/p>\n<p><strong>Bagel Corner Narbonne: 14 rue Jean Jaur\u00e8s<\/strong><\/p>\n<p>Open Tuesday to Saturday 08h - 14h30. Sunday from 10am to 8pm<\/p>\n<p>T\u00e8l : 04 68 32 72 15<\/p>\n<p>To follow the restaurant's Facebook page click here : <a href=\"https:\/\/www.facebook.com\/pg\/bagelcorner.narbonne\/\" target=\"_blank\" rel=\"noopener\">Bagel Corner Narbonne<\/a><\/p>\n<p>To follow the Instagram account : <a href=\"http:\/\/www.instagram.com\/bagelcorner_narbonne\">@bagelcorner_narbonne<\/a><\/p>\n<p><img loading=\"lazy\" decoding=\"async\" class=\"alignnone wp-image-1763 size-large\" src=\"https:\/\/www.bagelcorner.fr\/wp-content\/uploads\/2020\/06\/Capture-de\u0301cran-2020-06-04-a\u0300-12.45.27-1024x701.jpg\" alt=\"\" width=\"800\" height=\"548\" srcset=\"https:\/\/www.bagelcorner.fr\/wp-content\/uploads\/2020\/06\/Capture-de\u0301cran-2020-06-04-a\u0300-12.45.27-1024x701.jpg 1024w, https:\/\/www.bagelcorner.fr\/wp-content\/uploads\/2020\/06\/Capture-de\u0301cran-2020-06-04-a\u0300-12.45.27-300x205.jpg 300w, https:\/\/www.bagelcorner.fr\/wp-content\/uploads\/2020\/06\/Capture-de\u0301cran-2020-06-04-a\u0300-12.45.27-768x526.jpg 768w, https:\/\/www.bagelcorner.fr\/wp-content\/uploads\/2020\/06\/Capture-de\u0301cran-2020-06-04-a\u0300-12.45.27-18x12.png 18w, https:\/\/www.bagelcorner.fr\/wp-content\/uploads\/2020\/06\/Capture-de\u0301cran-2020-06-04-a\u0300-12.45.27.jpg 1400w\" sizes=\"(max-width: 800px) 100vw, 800px\" \/><\/p>\n<p><strong>Bagel Corner Lyon (Victor Hugo): 43 Rue Victor Hugo<\/strong><\/p>\n<p>Open: 9am to 7pm Monday and Tuesday - 9am to 9pm Wednesday to Friday - 11am to 9pm Saturday and Sunday<\/p>\n<p>T\u00e8l : 04 87 62 66 54<\/p>\n<p>To follow the restaurant's Facebook page click here : <a href=\"https:\/\/www.facebook.com\/bagelcorner.lyon.ampere.victorhugo\" target=\"_blank\" rel=\"noopener\">Bagel Corner Lyon Victor Hugo<\/a><\/p>\n<p><img loading=\"lazy\" decoding=\"async\" class=\"alignnone wp-image-1764 size-large\" src=\"https:\/\/www.bagelcorner.fr\/wp-content\/uploads\/2020\/06\/Capture-de\u0301cran-2020-06-04-a\u0300-12.27.59-1024x754.jpg\" alt=\"\" width=\"800\" height=\"589\" srcset=\"https:\/\/www.bagelcorner.fr\/wp-content\/uploads\/2020\/06\/Capture-de\u0301cran-2020-06-04-a\u0300-12.27.59-1024x754.jpg 1024w, https:\/\/www.bagelcorner.fr\/wp-content\/uploads\/2020\/06\/Capture-de\u0301cran-2020-06-04-a\u0300-12.27.59-300x221.jpg 300w, https:\/\/www.bagelcorner.fr\/wp-content\/uploads\/2020\/06\/Capture-de\u0301cran-2020-06-04-a\u0300-12.27.59-768x566.jpg 768w, https:\/\/www.bagelcorner.fr\/wp-content\/uploads\/2020\/06\/Capture-de\u0301cran-2020-06-04-a\u0300-12.27.59-16x12.png 16w, https:\/\/www.bagelcorner.fr\/wp-content\/uploads\/2020\/06\/Capture-de\u0301cran-2020-06-04-a\u0300-12.27.59.jpg 1404w\" sizes=\"(max-width: 800px) 100vw, 800px\" \/><\/p>\n<h2>Future openings<\/h2>\n<p><strong>TUESDAY 9 JUNE<\/strong><\/p>\n<p><strong>Bagel Corner Vannes: 4 Rue Joseph le Brix<\/strong><\/p>\n<p>Open Monday to Saturday 8am - 8.30pm and Sunday 10am - 8.30pm<\/p>\n<p>Tel.: 02 97 53 19 27<\/p>\n<p>To follow the restaurant's Facebook page click here : <a href=\"https:\/\/www.facebook.com\/bagelcorner.vannes\" target=\"_blank\" rel=\"noopener\">Bagel Corner Vannes<\/a><\/p>\n<p>To follow the Instagram account : <a href=\"https:\/\/www.instagram.com\/bagelcorner.vannes\/?hl=fr\" target=\"_blank\" rel=\"noopener\">@bagelcorner.vannes<\/a><\/p>\n<p><img loading=\"lazy\" decoding=\"async\" class=\"alignnone wp-image-1765 size-large\" src=\"https:\/\/www.bagelcorner.fr\/wp-content\/uploads\/2020\/06\/Capture-de\u0301cran-2020-06-04-a\u0300-10.42.05-1022x1024.jpg\" alt=\"\" width=\"800\" height=\"802\" srcset=\"https:\/\/www.bagelcorner.fr\/wp-content\/uploads\/2020\/06\/Capture-de\u0301cran-2020-06-04-a\u0300-10.42.05-1022x1024.jpg 1022w, https:\/\/www.bagelcorner.fr\/wp-content\/uploads\/2020\/06\/Capture-de\u0301cran-2020-06-04-a\u0300-10.42.05-300x300.jpg 300w, https:\/\/www.bagelcorner.fr\/wp-content\/uploads\/2020\/06\/Capture-de\u0301cran-2020-06-04-a\u0300-10.42.05-150x150.jpg 150w, https:\/\/www.bagelcorner.fr\/wp-content\/uploads\/2020\/06\/Capture-de\u0301cran-2020-06-04-a\u0300-10.42.05-768x769.jpg 768w, https:\/\/www.bagelcorner.fr\/wp-content\/uploads\/2020\/06\/Capture-de\u0301cran-2020-06-04-a\u0300-10.42.05-12x12.jpg 12w, https:\/\/www.bagelcorner.fr\/wp-content\/uploads\/2020\/06\/Capture-de\u0301cran-2020-06-04-a\u0300-10.42.05.jpg 1100w\" sizes=\"(max-width: 800px) 100vw, 800px\" \/><\/p>\n<p><strong>TO BE FOLLOWED<\/strong><\/p>\n<p><strong>Tuesday 23rd June<\/strong> Bagel Corner Marseille (Timone 13005)<\/p>\n<p><strong>During July<\/strong> : Bagel Corner Trignac<\/p>\n<p>Don't forget that you can find out the opening times, takeaway, click &amp; collect and delivery services available for each restaurant at any time by consulting the table here :\u00a0<a href=\"https:\/\/www.bagelcorner.fr\/en\/bagel-corner-ouverture-post-covid\/\" target=\"_blank\" rel=\"noopener\">https:\/\/www.bagelcorner.fr\/bagel-corner-ouverture-post-covid\/<\/a><\/p>\n<p>All the latest information and offers for the restaurant nearest you can be found on the restaurants' local Facebook pages (Bagel Corner + name of town).<\/p>\n<p>To order online and pick up your order at your nearest Bagel Corner, go to : <a href=\"http:\/\/commander.bagelcorner.fr\" target=\"_blank\" rel=\"noopener\">http:\/\/commander.bagelcorner.fr<\/a><\/p>\n<p>See you soon in our restaurants \ud83d\udc9b<\/p>","protected":false},"excerpt":{"rendered":"<p>The period we've just been through has been long and difficult, but that hasn't affected the motivation of our licensees! Let's take a look back at the openings at the start of the year, the adventures that began just after 11 May and those to come in the next few weeks \ud83d\udd25 They're already open: [...]<\/p>","protected":false},"author":1,"featured_media":1765,"comment_status":"open","ping_status":"open","sticky":false,"template":"","format":"standard","meta":{"footnotes":""},"categories":[10,74],"tags":[],"class_list":["post-1759","post","type-post","status-publish","format-standard","has-post-thumbnail","hentry","category-les-news-du-reseau-bagel-corner","category-news"],"yoast_head":"<!-- This site is optimized with the Yoast SEO plugin v27.5 - https:\/\/yoast.com\/product\/yoast-seo-wordpress\/ -->\n<title>Les derni\u00e8res ouvertures du r\u00e9seau<\/title>\n<meta name=\"robots\" content=\"index, follow, max-snippet:-1, max-image-preview:large, max-video-preview:-1\" \/>\n<link rel=\"canonical\" href=\"https:\/\/www.bagelcorner.fr\/en\/les-dernieres-ouvertures-du-reseau-2\/\" \/>\n<meta property=\"og:locale\" content=\"en_GB\" \/>\n<meta property=\"og:type\" content=\"article\" \/>\n<meta property=\"og:title\" content=\"Les derni\u00e8res ouvertures du r\u00e9seau\" \/>\n<meta property=\"og:description\" content=\"La p\u00e9riode que nous venons de traverser a \u00e9t\u00e9 longue et difficile mais cela n&rsquo;a pas atteint la motivation de nos licenci\u00e9s ! Revenons sur les ouvertures de ce d\u00e9but d&rsquo;ann\u00e9e, les aventures qui ont d\u00e9but\u00e9 juste apr\u00e8s le 11 mai et celles \u00e0 venir dans les prochaines semaines \ud83d\udd25 Ils sont d\u00e9j\u00e0 ouverts : [&hellip;]\" \/>\n<meta property=\"og:url\" content=\"https:\/\/www.bagelcorner.fr\/en\/les-dernieres-ouvertures-du-reseau-2\/\" \/>\n<meta property=\"og:site_name\" content=\"Bagel Corner | Bagels - Donuts - Caf\u00e9\" \/>\n<meta property=\"article:published_time\" content=\"2020-06-04T11:03:23+00:00\" \/>\n<meta property=\"article:modified_time\" content=\"2023-03-14T14:31:01+00:00\" \/>\n<meta property=\"og:image\" content=\"https:\/\/www.bagelcorner.fr\/wp-content\/uploads\/2020\/06\/Capture-de\u0301cran-2020-06-04-a\u0300-10.42.05.jpg\" \/>\n\t<meta property=\"og:image:width\" content=\"1100\" \/>\n\t<meta property=\"og:image:height\" content=\"1102\" \/>\n\t<meta property=\"og:image:type\" content=\"image\/jpeg\" \/>\n<meta name=\"author\" content=\"Myliadmin\" \/>\n<meta name=\"twitter:card\" content=\"summary_large_image\" \/>\n<meta name=\"twitter:label1\" content=\"Written by\" \/>\n\t<meta name=\"twitter:data1\" content=\"Myliadmin\" \/>\n\t<meta name=\"twitter:label2\" content=\"Estimated reading time\" \/>\n\t<meta name=\"twitter:data2\" content=\"4 minutes\" \/>\n<script type=\"application\/ld+json\" class=\"yoast-schema-graph\">{\"@context\":\"https:\\\/\\\/schema.org\",\"@graph\":[{\"@type\":\"Article\",\"@id\":\"https:\\\/\\\/www.bagelcorner.fr\\\/les-dernieres-ouvertures-du-reseau-2\\\/#article\",\"isPartOf\":{\"@id\":\"https:\\\/\\\/www.bagelcorner.fr\\\/les-dernieres-ouvertures-du-reseau-2\\\/\"},\"author\":{\"name\":\"Myliadmin\",\"@id\":\"https:\\\/\\\/www.bagelcorner.fr\\\/#\\\/schema\\\/person\\\/a6259c8df5cce982d8499888ca7daa61\"},\"headline\":\"Les derni\u00e8res ouvertures du r\u00e9seau\",\"datePublished\":\"2020-06-04T11:03:23+00:00\",\"dateModified\":\"2023-03-14T14:31:01+00:00\",\"mainEntityOfPage\":{\"@id\":\"https:\\\/\\\/www.bagelcorner.fr\\\/les-dernieres-ouvertures-du-reseau-2\\\/\"},\"wordCount\":420,\"commentCount\":0,\"publisher\":{\"@id\":\"https:\\\/\\\/www.bagelcorner.fr\\\/#organization\"},\"image\":{\"@id\":\"https:\\\/\\\/www.bagelcorner.fr\\\/les-dernieres-ouvertures-du-reseau-2\\\/#primaryimage\"},\"thumbnailUrl\":\"https:\\\/\\\/www.bagelcorner.fr\\\/wp-content\\\/uploads\\\/2020\\\/06\\\/Capture-de\u0301cran-2020-06-04-a\u0300-10.42.05.jpg\",\"articleSection\":[\"Les news du r\u00e9seau Bagel Corner\",\"News\"],\"inLanguage\":\"en-GB\",\"potentialAction\":[{\"@type\":\"CommentAction\",\"name\":\"Comment\",\"target\":[\"https:\\\/\\\/www.bagelcorner.fr\\\/les-dernieres-ouvertures-du-reseau-2\\\/#respond\"]}]},{\"@type\":\"WebPage\",\"@id\":\"https:\\\/\\\/www.bagelcorner.fr\\\/les-dernieres-ouvertures-du-reseau-2\\\/\",\"url\":\"https:\\\/\\\/www.bagelcorner.fr\\\/les-dernieres-ouvertures-du-reseau-2\\\/\",\"name\":\"Les derni\u00e8res ouvertures du r\u00e9seau\",\"isPartOf\":{\"@id\":\"https:\\\/\\\/www.bagelcorner.fr\\\/#website\"},\"primaryImageOfPage\":{\"@id\":\"https:\\\/\\\/www.bagelcorner.fr\\\/les-dernieres-ouvertures-du-reseau-2\\\/#primaryimage\"},\"image\":{\"@id\":\"https:\\\/\\\/www.bagelcorner.fr\\\/les-dernieres-ouvertures-du-reseau-2\\\/#primaryimage\"},\"thumbnailUrl\":\"https:\\\/\\\/www.bagelcorner.fr\\\/wp-content\\\/uploads\\\/2020\\\/06\\\/Capture-de\u0301cran-2020-06-04-a\u0300-10.42.05.jpg\",\"datePublished\":\"2020-06-04T11:03:23+00:00\",\"dateModified\":\"2023-03-14T14:31:01+00:00\",\"breadcrumb\":{\"@id\":\"https:\\\/\\\/www.bagelcorner.fr\\\/les-dernieres-ouvertures-du-reseau-2\\\/#breadcrumb\"},\"inLanguage\":\"en-GB\",\"potentialAction\":[{\"@type\":\"ReadAction\",\"target\":[\"https:\\\/\\\/www.bagelcorner.fr\\\/les-dernieres-ouvertures-du-reseau-2\\\/\"]}]},{\"@type\":\"ImageObject\",\"inLanguage\":\"en-GB\",\"@id\":\"https:\\\/\\\/www.bagelcorner.fr\\\/les-dernieres-ouvertures-du-reseau-2\\\/#primaryimage\",\"url\":\"https:\\\/\\\/www.bagelcorner.fr\\\/wp-content\\\/uploads\\\/2020\\\/06\\\/Capture-de\u0301cran-2020-06-04-a\u0300-10.42.05.jpg\",\"contentUrl\":\"https:\\\/\\\/www.bagelcorner.fr\\\/wp-content\\\/uploads\\\/2020\\\/06\\\/Capture-de\u0301cran-2020-06-04-a\u0300-10.42.05.jpg\",\"width\":1100,\"height\":1102},{\"@type\":\"BreadcrumbList\",\"@id\":\"https:\\\/\\\/www.bagelcorner.fr\\\/les-dernieres-ouvertures-du-reseau-2\\\/#breadcrumb\",\"itemListElement\":[{\"@type\":\"ListItem\",\"position\":1,\"name\":\"Accueil\",\"item\":\"https:\\\/\\\/www.bagelcorner.fr\\\/\"},{\"@type\":\"ListItem\",\"position\":2,\"name\":\"Les derni\u00e8res ouvertures du r\u00e9seau\"}]},{\"@type\":\"WebSite\",\"@id\":\"https:\\\/\\\/www.bagelcorner.fr\\\/#website\",\"url\":\"https:\\\/\\\/www.bagelcorner.fr\\\/\",\"name\":\"Bagel Corner | Bagels - Donuts - Caf\u00e9\",\"description\":\"Nous avons la passion du bagel \u2013 pas (encore) vous ?\",\"publisher\":{\"@id\":\"https:\\\/\\\/www.bagelcorner.fr\\\/#organization\"},\"potentialAction\":[{\"@type\":\"SearchAction\",\"target\":{\"@type\":\"EntryPoint\",\"urlTemplate\":\"https:\\\/\\\/www.bagelcorner.fr\\\/?s={search_term_string}\"},\"query-input\":{\"@type\":\"PropertyValueSpecification\",\"valueRequired\":true,\"valueName\":\"search_term_string\"}}],\"inLanguage\":\"en-GB\"},{\"@type\":\"Organization\",\"@id\":\"https:\\\/\\\/www.bagelcorner.fr\\\/#organization\",\"name\":\"Bagel Corner | Bagels - Donuts - Caf\u00e9\",\"url\":\"https:\\\/\\\/www.bagelcorner.fr\\\/\",\"logo\":{\"@type\":\"ImageObject\",\"inLanguage\":\"en-GB\",\"@id\":\"https:\\\/\\\/www.bagelcorner.fr\\\/#\\\/schema\\\/logo\\\/image\\\/\",\"url\":\"https:\\\/\\\/www.bagelcorner.fr\\\/wp-content\\\/uploads\\\/2023\\\/03\\\/cropped-cropped-LOGO-PASTILLE.png\",\"contentUrl\":\"https:\\\/\\\/www.bagelcorner.fr\\\/wp-content\\\/uploads\\\/2023\\\/03\\\/cropped-cropped-LOGO-PASTILLE.png\",\"width\":511,\"height\":511,\"caption\":\"Bagel Corner | Bagels - Donuts - Caf\u00e9\"},\"image\":{\"@id\":\"https:\\\/\\\/www.bagelcorner.fr\\\/#\\\/schema\\\/logo\\\/image\\\/\"}},{\"@type\":\"Person\",\"@id\":\"https:\\\/\\\/www.bagelcorner.fr\\\/#\\\/schema\\\/person\\\/a6259c8df5cce982d8499888ca7daa61\",\"name\":\"Myliadmin\",\"image\":{\"@type\":\"ImageObject\",\"inLanguage\":\"en-GB\",\"@id\":\"https:\\\/\\\/secure.gravatar.com\\\/avatar\\\/21ceca4180d2badde41972fb76c119b32d16dc480d4123d6a501257ca41c826f?s=96&d=mm&r=g\",\"url\":\"https:\\\/\\\/secure.gravatar.com\\\/avatar\\\/21ceca4180d2badde41972fb76c119b32d16dc480d4123d6a501257ca41c826f?s=96&d=mm&r=g\",\"contentUrl\":\"https:\\\/\\\/secure.gravatar.com\\\/avatar\\\/21ceca4180d2badde41972fb76c119b32d16dc480d4123d6a501257ca41c826f?s=96&d=mm&r=g\",\"caption\":\"Myliadmin\"},\"sameAs\":[\"http:\\\/\\\/www.bagelcorner.fr\"],\"url\":\"https:\\\/\\\/www.bagelcorner.fr\\\/en\\\/author\\\/myliadmin\\\/\"}]}<\/script>\n<!-- \/ Yoast SEO plugin. -->","yoast_head_json":{"title":"Latest network openings","robots":{"index":"index","follow":"follow","max-snippet":"max-snippet:-1","max-image-preview":"max-image-preview:large","max-video-preview":"max-video-preview:-1"},"canonical":"https:\/\/www.bagelcorner.fr\/en\/les-dernieres-ouvertures-du-reseau-2\/","og_locale":"en_GB","og_type":"article","og_title":"Les derni\u00e8res ouvertures du r\u00e9seau","og_description":"La p\u00e9riode que nous venons de traverser a \u00e9t\u00e9 longue et difficile mais cela n&rsquo;a pas atteint la motivation de nos licenci\u00e9s ! Revenons sur les ouvertures de ce d\u00e9but d&rsquo;ann\u00e9e, les aventures qui ont d\u00e9but\u00e9 juste apr\u00e8s le 11 mai et celles \u00e0 venir dans les prochaines semaines \ud83d\udd25 Ils sont d\u00e9j\u00e0 ouverts : [&hellip;]","og_url":"https:\/\/www.bagelcorner.fr\/en\/les-dernieres-ouvertures-du-reseau-2\/","og_site_name":"Bagel Corner | Bagels - Donuts - Caf\u00e9","article_published_time":"2020-06-04T11:03:23+00:00","article_modified_time":"2023-03-14T14:31:01+00:00","og_image":[{"width":1100,"height":1102,"url":"https:\/\/www.bagelcorner.fr\/wp-content\/uploads\/2020\/06\/Capture-de\u0301cran-2020-06-04-a\u0300-10.42.05.jpg","type":"image\/jpeg"}],"author":"Myliadmin","twitter_card":"summary_large_image","twitter_misc":{"Written by":"Myliadmin","Estimated reading time":"4 minutes"},"schema":{"@context":"https:\/\/schema.org","@graph":[{"@type":"Article","@id":"https:\/\/www.bagelcorner.fr\/les-dernieres-ouvertures-du-reseau-2\/#article","isPartOf":{"@id":"https:\/\/www.bagelcorner.fr\/les-dernieres-ouvertures-du-reseau-2\/"},"author":{"name":"Myliadmin","@id":"https:\/\/www.bagelcorner.fr\/#\/schema\/person\/a6259c8df5cce982d8499888ca7daa61"},"headline":"Les derni\u00e8res ouvertures du r\u00e9seau","datePublished":"2020-06-04T11:03:23+00:00","dateModified":"2023-03-14T14:31:01+00:00","mainEntityOfPage":{"@id":"https:\/\/www.bagelcorner.fr\/les-dernieres-ouvertures-du-reseau-2\/"},"wordCount":420,"commentCount":0,"publisher":{"@id":"https:\/\/www.bagelcorner.fr\/#organization"},"image":{"@id":"https:\/\/www.bagelcorner.fr\/les-dernieres-ouvertures-du-reseau-2\/#primaryimage"},"thumbnailUrl":"https:\/\/www.bagelcorner.fr\/wp-content\/uploads\/2020\/06\/Capture-de\u0301cran-2020-06-04-a\u0300-10.42.05.jpg","articleSection":["Les news du r\u00e9seau Bagel Corner","News"],"inLanguage":"en-GB","potentialAction":[{"@type":"CommentAction","name":"Comment","target":["https:\/\/www.bagelcorner.fr\/les-dernieres-ouvertures-du-reseau-2\/#respond"]}]},{"@type":"WebPage","@id":"https:\/\/www.bagelcorner.fr\/les-dernieres-ouvertures-du-reseau-2\/","url":"https:\/\/www.bagelcorner.fr\/les-dernieres-ouvertures-du-reseau-2\/","name":"Latest network openings","isPartOf":{"@id":"https:\/\/www.bagelcorner.fr\/#website"},"primaryImageOfPage":{"@id":"https:\/\/www.bagelcorner.fr\/les-dernieres-ouvertures-du-reseau-2\/#primaryimage"},"image":{"@id":"https:\/\/www.bagelcorner.fr\/les-dernieres-ouvertures-du-reseau-2\/#primaryimage"},"thumbnailUrl":"https:\/\/www.bagelcorner.fr\/wp-content\/uploads\/2020\/06\/Capture-de\u0301cran-2020-06-04-a\u0300-10.42.05.jpg","datePublished":"2020-06-04T11:03:23+00:00","dateModified":"2023-03-14T14:31:01+00:00","breadcrumb":{"@id":"https:\/\/www.bagelcorner.fr\/les-dernieres-ouvertures-du-reseau-2\/#breadcrumb"},"inLanguage":"en-GB","potentialAction":[{"@type":"ReadAction","target":["https:\/\/www.bagelcorner.fr\/les-dernieres-ouvertures-du-reseau-2\/"]}]},{"@type":"ImageObject","inLanguage":"en-GB","@id":"https:\/\/www.bagelcorner.fr\/les-dernieres-ouvertures-du-reseau-2\/#primaryimage","url":"https:\/\/www.bagelcorner.fr\/wp-content\/uploads\/2020\/06\/Capture-de\u0301cran-2020-06-04-a\u0300-10.42.05.jpg","contentUrl":"https:\/\/www.bagelcorner.fr\/wp-content\/uploads\/2020\/06\/Capture-de\u0301cran-2020-06-04-a\u0300-10.42.05.jpg","width":1100,"height":1102},{"@type":"BreadcrumbList","@id":"https:\/\/www.bagelcorner.fr\/les-dernieres-ouvertures-du-reseau-2\/#breadcrumb","itemListElement":[{"@type":"ListItem","position":1,"name":"Accueil","item":"https:\/\/www.bagelcorner.fr\/"},{"@type":"ListItem","position":2,"name":"Les derni\u00e8res ouvertures du r\u00e9seau"}]},{"@type":"WebSite","@id":"https:\/\/www.bagelcorner.fr\/#website","url":"https:\/\/www.bagelcorner.fr\/","name":"Bagel Corner | Bagels - Donuts - Coffee","description":"We have a passion for bagels - don't you (yet)?","publisher":{"@id":"https:\/\/www.bagelcorner.fr\/#organization"},"potentialAction":[{"@type":"SearchAction","target":{"@type":"EntryPoint","urlTemplate":"https:\/\/www.bagelcorner.fr\/?s={search_term_string}"},"query-input":{"@type":"PropertyValueSpecification","valueRequired":true,"valueName":"search_term_string"}}],"inLanguage":"en-GB"},{"@type":"Organization","@id":"https:\/\/www.bagelcorner.fr\/#organization","name":"Bagel Corner | Bagels - Donuts - Coffee","url":"https:\/\/www.bagelcorner.fr\/","logo":{"@type":"ImageObject","inLanguage":"en-GB","@id":"https:\/\/www.bagelcorner.fr\/#\/schema\/logo\/image\/","url":"https:\/\/www.bagelcorner.fr\/wp-content\/uploads\/2023\/03\/cropped-cropped-LOGO-PASTILLE.png","contentUrl":"https:\/\/www.bagelcorner.fr\/wp-content\/uploads\/2023\/03\/cropped-cropped-LOGO-PASTILLE.png","width":511,"height":511,"caption":"Bagel Corner | Bagels - Donuts - Caf\u00e9"},"image":{"@id":"https:\/\/www.bagelcorner.fr\/#\/schema\/logo\/image\/"}},{"@type":"Person","@id":"https:\/\/www.bagelcorner.fr\/#\/schema\/person\/a6259c8df5cce982d8499888ca7daa61","name":"Myliadmin","image":{"@type":"ImageObject","inLanguage":"en-GB","@id":"https:\/\/secure.gravatar.com\/avatar\/21ceca4180d2badde41972fb76c119b32d16dc480d4123d6a501257ca41c826f?s=96&d=mm&r=g","url":"https:\/\/secure.gravatar.com\/avatar\/21ceca4180d2badde41972fb76c119b32d16dc480d4123d6a501257ca41c826f?s=96&d=mm&r=g","contentUrl":"https:\/\/secure.gravatar.com\/avatar\/21ceca4180d2badde41972fb76c119b32d16dc480d4123d6a501257ca41c826f?s=96&d=mm&r=g","caption":"Myliadmin"},"sameAs":["http:\/\/www.bagelcorner.fr"],"url":"https:\/\/www.bagelcorner.fr\/en\/author\/myliadmin\/"}]}},"_links":{"self":[{"href":"https:\/\/www.bagelcorner.fr\/en\/wp-json\/wp\/v2\/posts\/1759","targetHints":{"allow":["GET"]}}],"collection":[{"href":"https:\/\/www.bagelcorner.fr\/en\/wp-json\/wp\/v2\/posts"}],"about":[{"href":"https:\/\/www.bagelcorner.fr\/en\/wp-json\/wp\/v2\/types\/post"}],"author":[{"embeddable":true,"href":"https:\/\/www.bagelcorner.fr\/en\/wp-json\/wp\/v2\/users\/1"}],"replies":[{"embeddable":true,"href":"https:\/\/www.bagelcorner.fr\/en\/wp-json\/wp\/v2\/comments?post=1759"}],"version-history":[{"count":0,"href":"https:\/\/www.bagelcorner.fr\/en\/wp-json\/wp\/v2\/posts\/1759\/revisions"}],"wp:featuredmedia":[{"embeddable":true,"href":"https:\/\/www.bagelcorner.fr\/en\/wp-json\/wp\/v2\/media\/1765"}],"wp:attachment":[{"href":"https:\/\/www.bagelcorner.fr\/en\/wp-json\/wp\/v2\/media?parent=1759"}],"wp:term":[{"taxonomy":"category","embeddable":true,"href":"https:\/\/www.bagelcorner.fr\/en\/wp-json\/wp\/v2\/categories?post=1759"},{"taxonomy":"post_tag","embeddable":true,"href":"https:\/\/www.bagelcorner.fr\/en\/wp-json\/wp\/v2\/tags?post=1759"}],"curies":[{"name":"wp","href":"https:\/\/api.w.org\/{rel}","templated":true}]}}