{"id":20250,"date":"2025-05-23T12:38:51","date_gmt":"2025-05-23T12:38:51","guid":{"rendered":"https:\/\/www.bagelcorner.fr\/?p=20250"},"modified":"2025-05-26T11:00:28","modified_gmt":"2025-05-26T11:00:28","slug":"bagel-corner-sinstalle-a-charleroi","status":"publish","type":"post","link":"https:\/\/www.bagelcorner.fr\/en\/bagel-corner-sinstalle-a-charleroi\/","title":{"rendered":"Bagel Corner sets up in Charleroi"},"content":{"rendered":"<div data-elementor-type=\"wp-post\" data-elementor-id=\"20250\" class=\"elementor elementor-20250\" data-elementor-settings=\"{&quot;ha_cmc_init_switcher&quot;:&quot;no&quot;}\" data-elementor-post-type=\"post\">\n\t\t\t\t\t\t<section class=\"elementor-section elementor-top-section elementor-element elementor-element-744c0a62 elementor-section-boxed elementor-section-height-default elementor-section-height-default\" data-id=\"744c0a62\" data-element_type=\"section\" data-e-type=\"section\" data-settings=\"{&quot;_ha_eqh_enable&quot;:false}\">\n\t\t\t\t\t\t<div class=\"elementor-container elementor-column-gap-default\">\n\t\t\t\t\t<div class=\"elementor-column elementor-col-100 elementor-top-column elementor-element elementor-element-6644a979\" data-id=\"6644a979\" data-element_type=\"column\" data-e-type=\"column\">\n\t\t\t<div class=\"elementor-widget-wrap elementor-element-populated\">\n\t\t\t\t\t\t<div class=\"elementor-element elementor-element-b278c0d elementor-widget elementor-widget-heading\" data-id=\"b278c0d\" data-element_type=\"widget\" data-e-type=\"widget\" data-widget_type=\"heading.default\">\n\t\t\t\t<div class=\"elementor-widget-container\">\n\t\t\t\t\t<h2 class=\"elementor-heading-title elementor-size-default\">BAGEL CORNER OPENS IN CHARLEROI<\/h2>\t\t\t\t<\/div>\n\t\t\t\t<\/div>\n\t\t\t\t<div class=\"elementor-element elementor-element-58fa35c5 elementor-widget elementor-widget-text-editor\" data-id=\"58fa35c5\" data-element_type=\"widget\" data-e-type=\"widget\" data-widget_type=\"text-editor.default\">\n\t\t\t\t<div class=\"elementor-widget-container\">\n\t\t\t\t\t\t\t\t\t<div>We are delighted to announce the opening of our brand new Bagel Corner restaurant in the heart of Charleroi's Rive Gauche shopping centre \ud83c\udf89<br \/><br \/>Conceived as the new HQ for coffee lovers, more than 1,000 gourmets came to enjoy it during the first week of opening and it hasn't stopped since! Thank you for your warm welcome \ud83e\udef6<br \/><br \/>Well done to <a id=\"m_3574986439766580866m_7983711830072013731ember848\" href=\"https:\/\/www.linkedin.com\/in\/luca-seminck-55a898203\/\" target=\"_blank\" rel=\"noopener\" data-saferedirecturl=\"https:\/\/www.google.com\/url?q=https:\/\/www.linkedin.com\/in\/luca-seminck-55a898203\/&amp;source=gmail&amp;ust=1748079739267000&amp;usg=AOvVaw3of2UESnJBgcW1WDt3SNGa\">Luca Seminck<\/a> and the whole team! Welcome to the Bagel Corner family \ud83d\ude0e<br \/><br \/>A big thank you to all our partners who made this opening possible, and to our first customers for their enthusiasm and smiles \ud83e\udd29<br \/><br \/>If you're in the area, come and visit us, whether it's for a lunch break, a sweet treat or just a good cup of coffee, and in the meantime, follow the adventure on Instagram :\u00a0<a href=\"https:\/\/www.instagram.com\/bagelcorner.charleroi\" target=\"_blank\" rel=\"noopener\" data-saferedirecturl=\"https:\/\/www.google.com\/url?q=https:\/\/www.instagram.com\/bagelcorner.charleroi&amp;source=gmail&amp;ust=1748079739267000&amp;usg=AOvVaw2Htdn2FrNmMyYtLxGw-lcS\">https:\/\/www.instagram.com\/<wbr \/>bagelcorner.charleroi<\/a><\/div>\n<p><!-- \/wp:paragraph --><\/p>\t\t\t\t\t\t\t\t<\/div>\n\t\t\t\t<\/div>\n\t\t\t\t\t<\/div>\n\t\t<\/div>\n\t\t\t\t\t<\/div>\n\t\t<\/section>\n\t\t\t\t<section class=\"elementor-section elementor-top-section elementor-element elementor-element-4859450 elementor-section-boxed elementor-section-height-default elementor-section-height-default\" data-id=\"4859450\" data-element_type=\"section\" data-e-type=\"section\" data-settings=\"{&quot;_ha_eqh_enable&quot;:false}\">\n\t\t\t\t\t\t<div class=\"elementor-container elementor-column-gap-default\">\n\t\t\t\t\t<div class=\"elementor-column elementor-col-100 elementor-top-column elementor-element elementor-element-03d579a\" data-id=\"03d579a\" data-element_type=\"column\" data-e-type=\"column\">\n\t\t\t<div class=\"elementor-widget-wrap elementor-element-populated\">\n\t\t\t\t\t\t<div class=\"elementor-element elementor-element-2c7a435 elementor-widget elementor-widget-image\" data-id=\"2c7a435\" data-element_type=\"widget\" data-e-type=\"widget\" data-widget_type=\"image.default\">\n\t\t\t\t<div class=\"elementor-widget-container\">\n\t\t\t\t\t\t\t\t\t\t\t\t\t\t\t<img fetchpriority=\"high\" decoding=\"async\" width=\"800\" height=\"844\" src=\"https:\/\/www.bagelcorner.fr\/wp-content\/uploads\/2025\/05\/IMG_8967-971x1024.jpg\" class=\"attachment-large size-large wp-image-20253\" alt=\"\" srcset=\"https:\/\/www.bagelcorner.fr\/wp-content\/uploads\/2025\/05\/IMG_8967-971x1024.jpg 971w, https:\/\/www.bagelcorner.fr\/wp-content\/uploads\/2025\/05\/IMG_8967-285x300.jpg 285w, https:\/\/www.bagelcorner.fr\/wp-content\/uploads\/2025\/05\/IMG_8967-768x810.jpg 768w, https:\/\/www.bagelcorner.fr\/wp-content\/uploads\/2025\/05\/IMG_8967-11x12.jpg 11w, https:\/\/www.bagelcorner.fr\/wp-content\/uploads\/2025\/05\/IMG_8967.jpg 1066w\" sizes=\"(max-width: 800px) 100vw, 800px\" \/>\t\t\t\t\t\t\t\t\t\t\t\t\t\t\t<\/div>\n\t\t\t\t<\/div>\n\t\t\t\t\t<\/div>\n\t\t<\/div>\n\t\t\t\t\t<\/div>\n\t\t<\/section>\n\t\t\t\t<section class=\"elementor-section elementor-top-section elementor-element elementor-element-c3b70bd elementor-section-boxed elementor-section-height-default elementor-section-height-default\" data-id=\"c3b70bd\" data-element_type=\"section\" data-e-type=\"section\" data-settings=\"{&quot;_ha_eqh_enable&quot;:false}\">\n\t\t\t\t\t\t<div class=\"elementor-container elementor-column-gap-default\">\n\t\t\t\t\t<div class=\"elementor-column elementor-col-100 elementor-top-column elementor-element elementor-element-ed0aab3\" data-id=\"ed0aab3\" data-element_type=\"column\" data-e-type=\"column\">\n\t\t\t<div class=\"elementor-widget-wrap elementor-element-populated\">\n\t\t\t\t\t\t<div class=\"elementor-element elementor-element-7d22181 elementor-widget elementor-widget-video\" data-id=\"7d22181\" data-element_type=\"widget\" data-e-type=\"widget\" data-settings=\"{&quot;youtube_url&quot;:&quot;https:\\\/\\\/www.youtube.com\\\/shorts\\\/7-diJIt0CSs&quot;,&quot;video_type&quot;:&quot;youtube&quot;,&quot;controls&quot;:&quot;yes&quot;}\" data-widget_type=\"video.default\">\n\t\t\t\t<div class=\"elementor-widget-container\">\n\t\t\t\t\t\t\t<div class=\"elementor-wrapper elementor-open-inline\">\n\t\t\t<div class=\"elementor-video\"><\/div>\t\t<\/div>\n\t\t\t\t\t\t<\/div>\n\t\t\t\t<\/div>\n\t\t\t\t\t<\/div>\n\t\t<\/div>\n\t\t\t\t\t<\/div>\n\t\t<\/section>\n\t\t\t\t<\/div>","protected":false},"excerpt":{"rendered":"<p>BAGEL CORNER ESTABLISHES ITS OFFICE IN CHARLEROI We are delighted to announce the opening of our brand new Bagel Corner restaurant in the heart of Charleroi's Rive Gauche shopping centre \ud83c\udf89 Designed as the new HQ for coffee lovers, over 1,000 gourmets came to enjoy it during the first week of opening and since [...]<\/p>","protected":false},"author":15,"featured_media":20252,"comment_status":"closed","ping_status":"closed","sticky":false,"template":"","format":"standard","meta":{"footnotes":""},"categories":[74],"tags":[],"class_list":["post-20250","post","type-post","status-publish","format-standard","has-post-thumbnail","hentry","category-news"],"yoast_head":"<!-- This site is optimized with the Yoast SEO plugin v27.5 - https:\/\/yoast.com\/product\/yoast-seo-wordpress\/ -->\n<title>Bagel Corner s&#039;installe \u00e0 Charleroi<\/title>\n<meta name=\"robots\" content=\"index, follow, max-snippet:-1, max-image-preview:large, max-video-preview:-1\" \/>\n<link rel=\"canonical\" href=\"https:\/\/www.bagelcorner.fr\/en\/bagel-corner-sinstalle-a-charleroi\/\" \/>\n<meta property=\"og:locale\" content=\"en_GB\" \/>\n<meta property=\"og:type\" content=\"article\" \/>\n<meta property=\"og:title\" content=\"Bagel Corner s&#039;installe \u00e0 Charleroi\" \/>\n<meta property=\"og:description\" content=\"BAGEL CORNER S&rsquo;INSTALLE \u00c0 CHARLEROI Nous sommes tr\u00e8s heureux de vous annoncer l\u2019ouverture de notre tout nouveau restaurant Bagel Corner au c\u0153ur du centre commercial Rive Gauche de Charleroi \ud83c\udf89 Pens\u00e9 comme le nouveau QG des amateurs de caf\u00e9, plus de 1000 gourmands sont venus s&rsquo;y r\u00e9galer pendant la premi\u00e8re semaine d&rsquo;ouverture et depuis \u00e7a [&hellip;]\" \/>\n<meta property=\"og:url\" content=\"https:\/\/www.bagelcorner.fr\/en\/bagel-corner-sinstalle-a-charleroi\/\" \/>\n<meta property=\"og:site_name\" content=\"Bagel Corner | Bagels - Donuts - Caf\u00e9\" \/>\n<meta property=\"article:published_time\" content=\"2025-05-23T12:38:51+00:00\" \/>\n<meta property=\"article:modified_time\" content=\"2025-05-26T11:00:28+00:00\" \/>\n<meta property=\"og:image\" content=\"https:\/\/www.bagelcorner.fr\/wp-content\/uploads\/2025\/05\/Capture-decran-2025-04-10-a-09.08.29.jpg\" \/>\n\t<meta property=\"og:image:width\" content=\"1256\" \/>\n\t<meta property=\"og:image:height\" content=\"948\" \/>\n\t<meta property=\"og:image:type\" content=\"image\/jpeg\" \/>\n<meta name=\"author\" content=\"Alexandre\" \/>\n<meta name=\"twitter:card\" content=\"summary_large_image\" \/>\n<meta name=\"twitter:label1\" content=\"Written by\" \/>\n\t<meta name=\"twitter:data1\" content=\"Alexandre\" \/>\n\t<meta name=\"twitter:label2\" content=\"Estimated reading time\" \/>\n\t<meta name=\"twitter:data2\" content=\"1 minute\" \/>\n<script type=\"application\/ld+json\" class=\"yoast-schema-graph\">{\"@context\":\"https:\\\/\\\/schema.org\",\"@graph\":[{\"@type\":\"Article\",\"@id\":\"https:\\\/\\\/www.bagelcorner.fr\\\/bagel-corner-sinstalle-a-charleroi\\\/#article\",\"isPartOf\":{\"@id\":\"https:\\\/\\\/www.bagelcorner.fr\\\/bagel-corner-sinstalle-a-charleroi\\\/\"},\"author\":{\"name\":\"Alexandre\",\"@id\":\"https:\\\/\\\/www.bagelcorner.fr\\\/#\\\/schema\\\/person\\\/817ffaafafdc9e68a226ff7ff361d48a\"},\"headline\":\"Bagel Corner s&rsquo;installe \u00e0 Charleroi\",\"datePublished\":\"2025-05-23T12:38:51+00:00\",\"dateModified\":\"2025-05-26T11:00:28+00:00\",\"mainEntityOfPage\":{\"@id\":\"https:\\\/\\\/www.bagelcorner.fr\\\/bagel-corner-sinstalle-a-charleroi\\\/\"},\"wordCount\":157,\"publisher\":{\"@id\":\"https:\\\/\\\/www.bagelcorner.fr\\\/#organization\"},\"image\":{\"@id\":\"https:\\\/\\\/www.bagelcorner.fr\\\/bagel-corner-sinstalle-a-charleroi\\\/#primaryimage\"},\"thumbnailUrl\":\"https:\\\/\\\/www.bagelcorner.fr\\\/wp-content\\\/uploads\\\/2025\\\/05\\\/Capture-decran-2025-04-10-a-09.08.29.jpg\",\"articleSection\":[\"News\"],\"inLanguage\":\"en-GB\"},{\"@type\":\"WebPage\",\"@id\":\"https:\\\/\\\/www.bagelcorner.fr\\\/bagel-corner-sinstalle-a-charleroi\\\/\",\"url\":\"https:\\\/\\\/www.bagelcorner.fr\\\/bagel-corner-sinstalle-a-charleroi\\\/\",\"name\":\"Bagel Corner s'installe \u00e0 Charleroi\",\"isPartOf\":{\"@id\":\"https:\\\/\\\/www.bagelcorner.fr\\\/#website\"},\"primaryImageOfPage\":{\"@id\":\"https:\\\/\\\/www.bagelcorner.fr\\\/bagel-corner-sinstalle-a-charleroi\\\/#primaryimage\"},\"image\":{\"@id\":\"https:\\\/\\\/www.bagelcorner.fr\\\/bagel-corner-sinstalle-a-charleroi\\\/#primaryimage\"},\"thumbnailUrl\":\"https:\\\/\\\/www.bagelcorner.fr\\\/wp-content\\\/uploads\\\/2025\\\/05\\\/Capture-decran-2025-04-10-a-09.08.29.jpg\",\"datePublished\":\"2025-05-23T12:38:51+00:00\",\"dateModified\":\"2025-05-26T11:00:28+00:00\",\"breadcrumb\":{\"@id\":\"https:\\\/\\\/www.bagelcorner.fr\\\/bagel-corner-sinstalle-a-charleroi\\\/#breadcrumb\"},\"inLanguage\":\"en-GB\",\"potentialAction\":[{\"@type\":\"ReadAction\",\"target\":[\"https:\\\/\\\/www.bagelcorner.fr\\\/bagel-corner-sinstalle-a-charleroi\\\/\"]}]},{\"@type\":\"ImageObject\",\"inLanguage\":\"en-GB\",\"@id\":\"https:\\\/\\\/www.bagelcorner.fr\\\/bagel-corner-sinstalle-a-charleroi\\\/#primaryimage\",\"url\":\"https:\\\/\\\/www.bagelcorner.fr\\\/wp-content\\\/uploads\\\/2025\\\/05\\\/Capture-decran-2025-04-10-a-09.08.29.jpg\",\"contentUrl\":\"https:\\\/\\\/www.bagelcorner.fr\\\/wp-content\\\/uploads\\\/2025\\\/05\\\/Capture-decran-2025-04-10-a-09.08.29.jpg\",\"width\":1256,\"height\":948},{\"@type\":\"BreadcrumbList\",\"@id\":\"https:\\\/\\\/www.bagelcorner.fr\\\/bagel-corner-sinstalle-a-charleroi\\\/#breadcrumb\",\"itemListElement\":[{\"@type\":\"ListItem\",\"position\":1,\"name\":\"Accueil\",\"item\":\"https:\\\/\\\/www.bagelcorner.fr\\\/\"},{\"@type\":\"ListItem\",\"position\":2,\"name\":\"Bagel Corner s&rsquo;installe \u00e0 Charleroi\"}]},{\"@type\":\"WebSite\",\"@id\":\"https:\\\/\\\/www.bagelcorner.fr\\\/#website\",\"url\":\"https:\\\/\\\/www.bagelcorner.fr\\\/\",\"name\":\"Bagel Corner | Bagels - Donuts - Caf\u00e9\",\"description\":\"Nous avons la passion du bagel \u2013 pas (encore) vous ?\",\"publisher\":{\"@id\":\"https:\\\/\\\/www.bagelcorner.fr\\\/#organization\"},\"potentialAction\":[{\"@type\":\"SearchAction\",\"target\":{\"@type\":\"EntryPoint\",\"urlTemplate\":\"https:\\\/\\\/www.bagelcorner.fr\\\/?s={search_term_string}\"},\"query-input\":{\"@type\":\"PropertyValueSpecification\",\"valueRequired\":true,\"valueName\":\"search_term_string\"}}],\"inLanguage\":\"en-GB\"},{\"@type\":\"Organization\",\"@id\":\"https:\\\/\\\/www.bagelcorner.fr\\\/#organization\",\"name\":\"Bagel Corner | Bagels - Donuts - Caf\u00e9\",\"url\":\"https:\\\/\\\/www.bagelcorner.fr\\\/\",\"logo\":{\"@type\":\"ImageObject\",\"inLanguage\":\"en-GB\",\"@id\":\"https:\\\/\\\/www.bagelcorner.fr\\\/#\\\/schema\\\/logo\\\/image\\\/\",\"url\":\"https:\\\/\\\/www.bagelcorner.fr\\\/wp-content\\\/uploads\\\/2023\\\/03\\\/cropped-cropped-LOGO-PASTILLE.png\",\"contentUrl\":\"https:\\\/\\\/www.bagelcorner.fr\\\/wp-content\\\/uploads\\\/2023\\\/03\\\/cropped-cropped-LOGO-PASTILLE.png\",\"width\":511,\"height\":511,\"caption\":\"Bagel Corner | Bagels - Donuts - Caf\u00e9\"},\"image\":{\"@id\":\"https:\\\/\\\/www.bagelcorner.fr\\\/#\\\/schema\\\/logo\\\/image\\\/\"}},{\"@type\":\"Person\",\"@id\":\"https:\\\/\\\/www.bagelcorner.fr\\\/#\\\/schema\\\/person\\\/817ffaafafdc9e68a226ff7ff361d48a\",\"name\":\"Alexandre\",\"image\":{\"@type\":\"ImageObject\",\"inLanguage\":\"en-GB\",\"@id\":\"https:\\\/\\\/secure.gravatar.com\\\/avatar\\\/551b2997d3acfad678714e8ed0502e37d844f5f8917ca769e2715b06faf9d944?s=96&d=mm&r=g\",\"url\":\"https:\\\/\\\/secure.gravatar.com\\\/avatar\\\/551b2997d3acfad678714e8ed0502e37d844f5f8917ca769e2715b06faf9d944?s=96&d=mm&r=g\",\"contentUrl\":\"https:\\\/\\\/secure.gravatar.com\\\/avatar\\\/551b2997d3acfad678714e8ed0502e37d844f5f8917ca769e2715b06faf9d944?s=96&d=mm&r=g\",\"caption\":\"Alexandre\"},\"url\":\"https:\\\/\\\/www.bagelcorner.fr\\\/en\\\/author\\\/alexandre\\\/\"}]}<\/script>\n<!-- \/ Yoast SEO plugin. -->","yoast_head_json":{"title":"Bagel Corner sets up in Charleroi","robots":{"index":"index","follow":"follow","max-snippet":"max-snippet:-1","max-image-preview":"max-image-preview:large","max-video-preview":"max-video-preview:-1"},"canonical":"https:\/\/www.bagelcorner.fr\/en\/bagel-corner-sinstalle-a-charleroi\/","og_locale":"en_GB","og_type":"article","og_title":"Bagel Corner s'installe \u00e0 Charleroi","og_description":"BAGEL CORNER S&rsquo;INSTALLE \u00c0 CHARLEROI Nous sommes tr\u00e8s heureux de vous annoncer l\u2019ouverture de notre tout nouveau restaurant Bagel Corner au c\u0153ur du centre commercial Rive Gauche de Charleroi \ud83c\udf89 Pens\u00e9 comme le nouveau QG des amateurs de caf\u00e9, plus de 1000 gourmands sont venus s&rsquo;y r\u00e9galer pendant la premi\u00e8re semaine d&rsquo;ouverture et depuis \u00e7a [&hellip;]","og_url":"https:\/\/www.bagelcorner.fr\/en\/bagel-corner-sinstalle-a-charleroi\/","og_site_name":"Bagel Corner | Bagels - Donuts - Caf\u00e9","article_published_time":"2025-05-23T12:38:51+00:00","article_modified_time":"2025-05-26T11:00:28+00:00","og_image":[{"width":1256,"height":948,"url":"https:\/\/www.bagelcorner.fr\/wp-content\/uploads\/2025\/05\/Capture-decran-2025-04-10-a-09.08.29.jpg","type":"image\/jpeg"}],"author":"Alexandre","twitter_card":"summary_large_image","twitter_misc":{"Written by":"Alexandre","Estimated reading time":"1 minute"},"schema":{"@context":"https:\/\/schema.org","@graph":[{"@type":"Article","@id":"https:\/\/www.bagelcorner.fr\/bagel-corner-sinstalle-a-charleroi\/#article","isPartOf":{"@id":"https:\/\/www.bagelcorner.fr\/bagel-corner-sinstalle-a-charleroi\/"},"author":{"name":"Alexandre","@id":"https:\/\/www.bagelcorner.fr\/#\/schema\/person\/817ffaafafdc9e68a226ff7ff361d48a"},"headline":"Bagel Corner s&rsquo;installe \u00e0 Charleroi","datePublished":"2025-05-23T12:38:51+00:00","dateModified":"2025-05-26T11:00:28+00:00","mainEntityOfPage":{"@id":"https:\/\/www.bagelcorner.fr\/bagel-corner-sinstalle-a-charleroi\/"},"wordCount":157,"publisher":{"@id":"https:\/\/www.bagelcorner.fr\/#organization"},"image":{"@id":"https:\/\/www.bagelcorner.fr\/bagel-corner-sinstalle-a-charleroi\/#primaryimage"},"thumbnailUrl":"https:\/\/www.bagelcorner.fr\/wp-content\/uploads\/2025\/05\/Capture-decran-2025-04-10-a-09.08.29.jpg","articleSection":["News"],"inLanguage":"en-GB"},{"@type":"WebPage","@id":"https:\/\/www.bagelcorner.fr\/bagel-corner-sinstalle-a-charleroi\/","url":"https:\/\/www.bagelcorner.fr\/bagel-corner-sinstalle-a-charleroi\/","name":"Bagel Corner sets up in Charleroi","isPartOf":{"@id":"https:\/\/www.bagelcorner.fr\/#website"},"primaryImageOfPage":{"@id":"https:\/\/www.bagelcorner.fr\/bagel-corner-sinstalle-a-charleroi\/#primaryimage"},"image":{"@id":"https:\/\/www.bagelcorner.fr\/bagel-corner-sinstalle-a-charleroi\/#primaryimage"},"thumbnailUrl":"https:\/\/www.bagelcorner.fr\/wp-content\/uploads\/2025\/05\/Capture-decran-2025-04-10-a-09.08.29.jpg","datePublished":"2025-05-23T12:38:51+00:00","dateModified":"2025-05-26T11:00:28+00:00","breadcrumb":{"@id":"https:\/\/www.bagelcorner.fr\/bagel-corner-sinstalle-a-charleroi\/#breadcrumb"},"inLanguage":"en-GB","potentialAction":[{"@type":"ReadAction","target":["https:\/\/www.bagelcorner.fr\/bagel-corner-sinstalle-a-charleroi\/"]}]},{"@type":"ImageObject","inLanguage":"en-GB","@id":"https:\/\/www.bagelcorner.fr\/bagel-corner-sinstalle-a-charleroi\/#primaryimage","url":"https:\/\/www.bagelcorner.fr\/wp-content\/uploads\/2025\/05\/Capture-decran-2025-04-10-a-09.08.29.jpg","contentUrl":"https:\/\/www.bagelcorner.fr\/wp-content\/uploads\/2025\/05\/Capture-decran-2025-04-10-a-09.08.29.jpg","width":1256,"height":948},{"@type":"BreadcrumbList","@id":"https:\/\/www.bagelcorner.fr\/bagel-corner-sinstalle-a-charleroi\/#breadcrumb","itemListElement":[{"@type":"ListItem","position":1,"name":"Accueil","item":"https:\/\/www.bagelcorner.fr\/"},{"@type":"ListItem","position":2,"name":"Bagel Corner s&rsquo;installe \u00e0 Charleroi"}]},{"@type":"WebSite","@id":"https:\/\/www.bagelcorner.fr\/#website","url":"https:\/\/www.bagelcorner.fr\/","name":"Bagel Corner | Bagels - Donuts - Coffee","description":"We have a passion for bagels - don't you (yet)?","publisher":{"@id":"https:\/\/www.bagelcorner.fr\/#organization"},"potentialAction":[{"@type":"SearchAction","target":{"@type":"EntryPoint","urlTemplate":"https:\/\/www.bagelcorner.fr\/?s={search_term_string}"},"query-input":{"@type":"PropertyValueSpecification","valueRequired":true,"valueName":"search_term_string"}}],"inLanguage":"en-GB"},{"@type":"Organization","@id":"https:\/\/www.bagelcorner.fr\/#organization","name":"Bagel Corner | Bagels - Donuts - Coffee","url":"https:\/\/www.bagelcorner.fr\/","logo":{"@type":"ImageObject","inLanguage":"en-GB","@id":"https:\/\/www.bagelcorner.fr\/#\/schema\/logo\/image\/","url":"https:\/\/www.bagelcorner.fr\/wp-content\/uploads\/2023\/03\/cropped-cropped-LOGO-PASTILLE.png","contentUrl":"https:\/\/www.bagelcorner.fr\/wp-content\/uploads\/2023\/03\/cropped-cropped-LOGO-PASTILLE.png","width":511,"height":511,"caption":"Bagel Corner | Bagels - Donuts - Caf\u00e9"},"image":{"@id":"https:\/\/www.bagelcorner.fr\/#\/schema\/logo\/image\/"}},{"@type":"Person","@id":"https:\/\/www.bagelcorner.fr\/#\/schema\/person\/817ffaafafdc9e68a226ff7ff361d48a","name":"Alexandre","image":{"@type":"ImageObject","inLanguage":"en-GB","@id":"https:\/\/secure.gravatar.com\/avatar\/551b2997d3acfad678714e8ed0502e37d844f5f8917ca769e2715b06faf9d944?s=96&d=mm&r=g","url":"https:\/\/secure.gravatar.com\/avatar\/551b2997d3acfad678714e8ed0502e37d844f5f8917ca769e2715b06faf9d944?s=96&d=mm&r=g","contentUrl":"https:\/\/secure.gravatar.com\/avatar\/551b2997d3acfad678714e8ed0502e37d844f5f8917ca769e2715b06faf9d944?s=96&d=mm&r=g","caption":"Alexandre"},"url":"https:\/\/www.bagelcorner.fr\/en\/author\/alexandre\/"}]}},"_links":{"self":[{"href":"https:\/\/www.bagelcorner.fr\/en\/wp-json\/wp\/v2\/posts\/20250","targetHints":{"allow":["GET"]}}],"collection":[{"href":"https:\/\/www.bagelcorner.fr\/en\/wp-json\/wp\/v2\/posts"}],"about":[{"href":"https:\/\/www.bagelcorner.fr\/en\/wp-json\/wp\/v2\/types\/post"}],"author":[{"embeddable":true,"href":"https:\/\/www.bagelcorner.fr\/en\/wp-json\/wp\/v2\/users\/15"}],"replies":[{"embeddable":true,"href":"https:\/\/www.bagelcorner.fr\/en\/wp-json\/wp\/v2\/comments?post=20250"}],"version-history":[{"count":0,"href":"https:\/\/www.bagelcorner.fr\/en\/wp-json\/wp\/v2\/posts\/20250\/revisions"}],"wp:featuredmedia":[{"embeddable":true,"href":"https:\/\/www.bagelcorner.fr\/en\/wp-json\/wp\/v2\/media\/20252"}],"wp:attachment":[{"href":"https:\/\/www.bagelcorner.fr\/en\/wp-json\/wp\/v2\/media?parent=20250"}],"wp:term":[{"taxonomy":"category","embeddable":true,"href":"https:\/\/www.bagelcorner.fr\/en\/wp-json\/wp\/v2\/categories?post=20250"},{"taxonomy":"post_tag","embeddable":true,"href":"https:\/\/www.bagelcorner.fr\/en\/wp-json\/wp\/v2\/tags?post=20250"}],"curies":[{"name":"wp","href":"https:\/\/api.w.org\/{rel}","templated":true}]}}