{"id":550,"date":"2018-03-21T15:59:39","date_gmt":"2018-03-21T14:59:39","guid":{"rendered":"https:\/\/www.bagelcorner.fr\/?p=550"},"modified":"2023-03-14T14:30:43","modified_gmt":"2023-03-14T14:30:43","slug":"bagel-corner-a-franchise-expo-2018","status":"publish","type":"post","link":"https:\/\/www.bagelcorner.fr\/en\/bagel-corner-a-franchise-expo-2018\/","title":{"rendered":"Bagel Corner at Franchise Expo 2018"},"content":{"rendered":"<p>Join us at stand K42 from 25 to 28 March 2018!<\/p>\n<p>The entire Bagel Corner team will be present to answer your questions. Bagel Corner licensees will also be on the stand to reassure you about the process of opening a restaurant!<\/p>\n<p>Don't hesitate to ask us for invitations to the show via the <a href=\"https:\/\/www.bagelcorner.fr\/en\/contact\/\">contact<\/a> !<\/p>\n<p>There will be great Bagel Corner coffee in partnership with Bean's On Fire and some goodies for the best profiles \ud83d\ude42<\/p>\n<p><img fetchpriority=\"high\" decoding=\"async\" class=\"size-medium wp-image-603 aligncenter\" src=\"https:\/\/www.bagelcorner.fr\/wp-content\/uploads\/2018\/03\/Franchise-expo-Bagel-Corner-2018-300x266.jpg\" alt=\"\" width=\"300\" height=\"266\" srcset=\"https:\/\/www.bagelcorner.fr\/wp-content\/uploads\/2018\/03\/Franchise-expo-Bagel-Corner-2018-300x266.jpg 300w, https:\/\/www.bagelcorner.fr\/wp-content\/uploads\/2018\/03\/Franchise-expo-Bagel-Corner-2018-768x682.jpg 768w, https:\/\/www.bagelcorner.fr\/wp-content\/uploads\/2018\/03\/Franchise-expo-Bagel-Corner-2018-14x12.jpg 14w, https:\/\/www.bagelcorner.fr\/wp-content\/uploads\/2018\/03\/Franchise-expo-Bagel-Corner-2018.jpg 849w\" sizes=\"(max-width: 300px) 100vw, 300px\" \/><\/p>\n<p>&nbsp;<\/p>","protected":false},"excerpt":{"rendered":"<p>Join us at stand K42 from 25 to 28 March 2018! The entire Bagel Corner team will be on hand to answer your questions. Bagel Corner network licensees will also be on the stand to reassure you about the process of opening a restaurant! Don't hesitate to ask us for invitations to the show via [...].<\/p>","protected":false},"author":1,"featured_media":602,"comment_status":"open","ping_status":"open","sticky":false,"template":"","format":"standard","meta":{"footnotes":""},"categories":[15,74],"tags":[8,9],"class_list":["post-550","post","type-post","status-publish","format-standard","has-post-thumbnail","hentry","category-les-news-du-reseau-bagel-corner-en","category-news","tag-bagel-corner","tag-franchise-expo-2018"],"yoast_head":"<!-- This site is optimized with the Yoast SEO plugin v27.5 - https:\/\/yoast.com\/product\/yoast-seo-wordpress\/ -->\n<title>Bagel Corner \u00e0 Franchise Expo 2018<\/title>\n<meta name=\"robots\" content=\"index, follow, max-snippet:-1, max-image-preview:large, max-video-preview:-1\" \/>\n<link rel=\"canonical\" href=\"https:\/\/www.bagelcorner.fr\/en\/bagel-corner-a-franchise-expo-2018\/\" \/>\n<meta property=\"og:locale\" content=\"en_GB\" \/>\n<meta property=\"og:type\" content=\"article\" \/>\n<meta property=\"og:title\" content=\"Bagel Corner \u00e0 Franchise Expo 2018\" \/>\n<meta property=\"og:description\" content=\"Retrouvez-nous au stand K42 du 25 au 28 mars 2018 ! Toute l&rsquo;\u00e9quipe Bagel Corner sera pr\u00e9sente pour r\u00e9pondre \u00e0 vos questions. Des licenci\u00e9s du r\u00e9seau Bagel Corner seront \u00e9galement pr\u00e9sents sur le stand pour vous rassurer dans le process d&rsquo;ouverture d&rsquo;un restaurant ! N&rsquo;h\u00e9sitez pas \u00e0 nous demander des invitations pour le salon via [&hellip;]\" \/>\n<meta property=\"og:url\" content=\"https:\/\/www.bagelcorner.fr\/en\/bagel-corner-a-franchise-expo-2018\/\" \/>\n<meta property=\"og:site_name\" content=\"Bagel Corner | Bagels - Donuts - Caf\u00e9\" \/>\n<meta property=\"article:published_time\" content=\"2018-03-21T14:59:39+00:00\" \/>\n<meta property=\"article:modified_time\" content=\"2023-03-14T14:30:43+00:00\" \/>\n<meta property=\"og:image\" content=\"https:\/\/www.bagelcorner.fr\/wp-content\/uploads\/2018\/03\/Franchise-expo-Bagel-Corner-2018-b.jpg\" \/>\n\t<meta property=\"og:image:width\" content=\"855\" \/>\n\t<meta property=\"og:image:height\" content=\"432\" \/>\n\t<meta property=\"og:image:type\" content=\"image\/jpeg\" \/>\n<meta name=\"author\" content=\"Myliadmin\" \/>\n<meta name=\"twitter:card\" content=\"summary_large_image\" \/>\n<meta name=\"twitter:label1\" content=\"Written by\" \/>\n\t<meta name=\"twitter:data1\" content=\"Myliadmin\" \/>\n<script type=\"application\/ld+json\" class=\"yoast-schema-graph\">{\"@context\":\"https:\\\/\\\/schema.org\",\"@graph\":[{\"@type\":\"Article\",\"@id\":\"https:\\\/\\\/www.bagelcorner.fr\\\/bagel-corner-a-franchise-expo-2018\\\/#article\",\"isPartOf\":{\"@id\":\"https:\\\/\\\/www.bagelcorner.fr\\\/bagel-corner-a-franchise-expo-2018\\\/\"},\"author\":{\"name\":\"Myliadmin\",\"@id\":\"https:\\\/\\\/www.bagelcorner.fr\\\/#\\\/schema\\\/person\\\/a6259c8df5cce982d8499888ca7daa61\"},\"headline\":\"Bagel Corner \u00e0 Franchise Expo 2018\",\"datePublished\":\"2018-03-21T14:59:39+00:00\",\"dateModified\":\"2023-03-14T14:30:43+00:00\",\"mainEntityOfPage\":{\"@id\":\"https:\\\/\\\/www.bagelcorner.fr\\\/bagel-corner-a-franchise-expo-2018\\\/\"},\"wordCount\":89,\"commentCount\":0,\"publisher\":{\"@id\":\"https:\\\/\\\/www.bagelcorner.fr\\\/#organization\"},\"image\":{\"@id\":\"https:\\\/\\\/www.bagelcorner.fr\\\/bagel-corner-a-franchise-expo-2018\\\/#primaryimage\"},\"thumbnailUrl\":\"https:\\\/\\\/www.bagelcorner.fr\\\/wp-content\\\/uploads\\\/2018\\\/03\\\/Franchise-expo-Bagel-Corner-2018-b.jpg\",\"keywords\":[\"Bagel Corner\",\"Franchise Expo 2018\"],\"articleSection\":[\"Les news du r\u00e9seau Bagel Corner\",\"News\"],\"inLanguage\":\"en-GB\",\"potentialAction\":[{\"@type\":\"CommentAction\",\"name\":\"Comment\",\"target\":[\"https:\\\/\\\/www.bagelcorner.fr\\\/bagel-corner-a-franchise-expo-2018\\\/#respond\"]}]},{\"@type\":\"WebPage\",\"@id\":\"https:\\\/\\\/www.bagelcorner.fr\\\/bagel-corner-a-franchise-expo-2018\\\/\",\"url\":\"https:\\\/\\\/www.bagelcorner.fr\\\/bagel-corner-a-franchise-expo-2018\\\/\",\"name\":\"Bagel Corner \u00e0 Franchise Expo 2018\",\"isPartOf\":{\"@id\":\"https:\\\/\\\/www.bagelcorner.fr\\\/#website\"},\"primaryImageOfPage\":{\"@id\":\"https:\\\/\\\/www.bagelcorner.fr\\\/bagel-corner-a-franchise-expo-2018\\\/#primaryimage\"},\"image\":{\"@id\":\"https:\\\/\\\/www.bagelcorner.fr\\\/bagel-corner-a-franchise-expo-2018\\\/#primaryimage\"},\"thumbnailUrl\":\"https:\\\/\\\/www.bagelcorner.fr\\\/wp-content\\\/uploads\\\/2018\\\/03\\\/Franchise-expo-Bagel-Corner-2018-b.jpg\",\"datePublished\":\"2018-03-21T14:59:39+00:00\",\"dateModified\":\"2023-03-14T14:30:43+00:00\",\"breadcrumb\":{\"@id\":\"https:\\\/\\\/www.bagelcorner.fr\\\/bagel-corner-a-franchise-expo-2018\\\/#breadcrumb\"},\"inLanguage\":\"en-GB\",\"potentialAction\":[{\"@type\":\"ReadAction\",\"target\":[\"https:\\\/\\\/www.bagelcorner.fr\\\/bagel-corner-a-franchise-expo-2018\\\/\"]}]},{\"@type\":\"ImageObject\",\"inLanguage\":\"en-GB\",\"@id\":\"https:\\\/\\\/www.bagelcorner.fr\\\/bagel-corner-a-franchise-expo-2018\\\/#primaryimage\",\"url\":\"https:\\\/\\\/www.bagelcorner.fr\\\/wp-content\\\/uploads\\\/2018\\\/03\\\/Franchise-expo-Bagel-Corner-2018-b.jpg\",\"contentUrl\":\"https:\\\/\\\/www.bagelcorner.fr\\\/wp-content\\\/uploads\\\/2018\\\/03\\\/Franchise-expo-Bagel-Corner-2018-b.jpg\",\"width\":855,\"height\":432},{\"@type\":\"BreadcrumbList\",\"@id\":\"https:\\\/\\\/www.bagelcorner.fr\\\/bagel-corner-a-franchise-expo-2018\\\/#breadcrumb\",\"itemListElement\":[{\"@type\":\"ListItem\",\"position\":1,\"name\":\"Accueil\",\"item\":\"https:\\\/\\\/www.bagelcorner.fr\\\/\"},{\"@type\":\"ListItem\",\"position\":2,\"name\":\"Bagel Corner \u00e0 Franchise Expo 2018\"}]},{\"@type\":\"WebSite\",\"@id\":\"https:\\\/\\\/www.bagelcorner.fr\\\/#website\",\"url\":\"https:\\\/\\\/www.bagelcorner.fr\\\/\",\"name\":\"Bagel Corner | Bagels - Donuts - Caf\u00e9\",\"description\":\"Nous avons la passion du bagel \u2013 pas (encore) vous ?\",\"publisher\":{\"@id\":\"https:\\\/\\\/www.bagelcorner.fr\\\/#organization\"},\"potentialAction\":[{\"@type\":\"SearchAction\",\"target\":{\"@type\":\"EntryPoint\",\"urlTemplate\":\"https:\\\/\\\/www.bagelcorner.fr\\\/?s={search_term_string}\"},\"query-input\":{\"@type\":\"PropertyValueSpecification\",\"valueRequired\":true,\"valueName\":\"search_term_string\"}}],\"inLanguage\":\"en-GB\"},{\"@type\":\"Organization\",\"@id\":\"https:\\\/\\\/www.bagelcorner.fr\\\/#organization\",\"name\":\"Bagel Corner | Bagels - Donuts - Caf\u00e9\",\"url\":\"https:\\\/\\\/www.bagelcorner.fr\\\/\",\"logo\":{\"@type\":\"ImageObject\",\"inLanguage\":\"en-GB\",\"@id\":\"https:\\\/\\\/www.bagelcorner.fr\\\/#\\\/schema\\\/logo\\\/image\\\/\",\"url\":\"https:\\\/\\\/www.bagelcorner.fr\\\/wp-content\\\/uploads\\\/2023\\\/03\\\/cropped-cropped-LOGO-PASTILLE.png\",\"contentUrl\":\"https:\\\/\\\/www.bagelcorner.fr\\\/wp-content\\\/uploads\\\/2023\\\/03\\\/cropped-cropped-LOGO-PASTILLE.png\",\"width\":511,\"height\":511,\"caption\":\"Bagel Corner | Bagels - Donuts - Caf\u00e9\"},\"image\":{\"@id\":\"https:\\\/\\\/www.bagelcorner.fr\\\/#\\\/schema\\\/logo\\\/image\\\/\"}},{\"@type\":\"Person\",\"@id\":\"https:\\\/\\\/www.bagelcorner.fr\\\/#\\\/schema\\\/person\\\/a6259c8df5cce982d8499888ca7daa61\",\"name\":\"Myliadmin\",\"image\":{\"@type\":\"ImageObject\",\"inLanguage\":\"en-GB\",\"@id\":\"https:\\\/\\\/secure.gravatar.com\\\/avatar\\\/21ceca4180d2badde41972fb76c119b32d16dc480d4123d6a501257ca41c826f?s=96&d=mm&r=g\",\"url\":\"https:\\\/\\\/secure.gravatar.com\\\/avatar\\\/21ceca4180d2badde41972fb76c119b32d16dc480d4123d6a501257ca41c826f?s=96&d=mm&r=g\",\"contentUrl\":\"https:\\\/\\\/secure.gravatar.com\\\/avatar\\\/21ceca4180d2badde41972fb76c119b32d16dc480d4123d6a501257ca41c826f?s=96&d=mm&r=g\",\"caption\":\"Myliadmin\"},\"sameAs\":[\"http:\\\/\\\/www.bagelcorner.fr\"],\"url\":\"https:\\\/\\\/www.bagelcorner.fr\\\/en\\\/author\\\/myliadmin\\\/\"}]}<\/script>\n<!-- \/ Yoast SEO plugin. -->","yoast_head_json":{"title":"Bagel Corner at Franchise Expo 2018","robots":{"index":"index","follow":"follow","max-snippet":"max-snippet:-1","max-image-preview":"max-image-preview:large","max-video-preview":"max-video-preview:-1"},"canonical":"https:\/\/www.bagelcorner.fr\/en\/bagel-corner-a-franchise-expo-2018\/","og_locale":"en_GB","og_type":"article","og_title":"Bagel Corner \u00e0 Franchise Expo 2018","og_description":"Retrouvez-nous au stand K42 du 25 au 28 mars 2018 ! Toute l&rsquo;\u00e9quipe Bagel Corner sera pr\u00e9sente pour r\u00e9pondre \u00e0 vos questions. Des licenci\u00e9s du r\u00e9seau Bagel Corner seront \u00e9galement pr\u00e9sents sur le stand pour vous rassurer dans le process d&rsquo;ouverture d&rsquo;un restaurant ! N&rsquo;h\u00e9sitez pas \u00e0 nous demander des invitations pour le salon via [&hellip;]","og_url":"https:\/\/www.bagelcorner.fr\/en\/bagel-corner-a-franchise-expo-2018\/","og_site_name":"Bagel Corner | Bagels - Donuts - Caf\u00e9","article_published_time":"2018-03-21T14:59:39+00:00","article_modified_time":"2023-03-14T14:30:43+00:00","og_image":[{"width":855,"height":432,"url":"https:\/\/www.bagelcorner.fr\/wp-content\/uploads\/2018\/03\/Franchise-expo-Bagel-Corner-2018-b.jpg","type":"image\/jpeg"}],"author":"Myliadmin","twitter_card":"summary_large_image","twitter_misc":{"Written by":"Myliadmin"},"schema":{"@context":"https:\/\/schema.org","@graph":[{"@type":"Article","@id":"https:\/\/www.bagelcorner.fr\/bagel-corner-a-franchise-expo-2018\/#article","isPartOf":{"@id":"https:\/\/www.bagelcorner.fr\/bagel-corner-a-franchise-expo-2018\/"},"author":{"name":"Myliadmin","@id":"https:\/\/www.bagelcorner.fr\/#\/schema\/person\/a6259c8df5cce982d8499888ca7daa61"},"headline":"Bagel Corner \u00e0 Franchise Expo 2018","datePublished":"2018-03-21T14:59:39+00:00","dateModified":"2023-03-14T14:30:43+00:00","mainEntityOfPage":{"@id":"https:\/\/www.bagelcorner.fr\/bagel-corner-a-franchise-expo-2018\/"},"wordCount":89,"commentCount":0,"publisher":{"@id":"https:\/\/www.bagelcorner.fr\/#organization"},"image":{"@id":"https:\/\/www.bagelcorner.fr\/bagel-corner-a-franchise-expo-2018\/#primaryimage"},"thumbnailUrl":"https:\/\/www.bagelcorner.fr\/wp-content\/uploads\/2018\/03\/Franchise-expo-Bagel-Corner-2018-b.jpg","keywords":["Bagel Corner","Franchise Expo 2018"],"articleSection":["Les news du r\u00e9seau Bagel Corner","News"],"inLanguage":"en-GB","potentialAction":[{"@type":"CommentAction","name":"Comment","target":["https:\/\/www.bagelcorner.fr\/bagel-corner-a-franchise-expo-2018\/#respond"]}]},{"@type":"WebPage","@id":"https:\/\/www.bagelcorner.fr\/bagel-corner-a-franchise-expo-2018\/","url":"https:\/\/www.bagelcorner.fr\/bagel-corner-a-franchise-expo-2018\/","name":"Bagel Corner at Franchise Expo 2018","isPartOf":{"@id":"https:\/\/www.bagelcorner.fr\/#website"},"primaryImageOfPage":{"@id":"https:\/\/www.bagelcorner.fr\/bagel-corner-a-franchise-expo-2018\/#primaryimage"},"image":{"@id":"https:\/\/www.bagelcorner.fr\/bagel-corner-a-franchise-expo-2018\/#primaryimage"},"thumbnailUrl":"https:\/\/www.bagelcorner.fr\/wp-content\/uploads\/2018\/03\/Franchise-expo-Bagel-Corner-2018-b.jpg","datePublished":"2018-03-21T14:59:39+00:00","dateModified":"2023-03-14T14:30:43+00:00","breadcrumb":{"@id":"https:\/\/www.bagelcorner.fr\/bagel-corner-a-franchise-expo-2018\/#breadcrumb"},"inLanguage":"en-GB","potentialAction":[{"@type":"ReadAction","target":["https:\/\/www.bagelcorner.fr\/bagel-corner-a-franchise-expo-2018\/"]}]},{"@type":"ImageObject","inLanguage":"en-GB","@id":"https:\/\/www.bagelcorner.fr\/bagel-corner-a-franchise-expo-2018\/#primaryimage","url":"https:\/\/www.bagelcorner.fr\/wp-content\/uploads\/2018\/03\/Franchise-expo-Bagel-Corner-2018-b.jpg","contentUrl":"https:\/\/www.bagelcorner.fr\/wp-content\/uploads\/2018\/03\/Franchise-expo-Bagel-Corner-2018-b.jpg","width":855,"height":432},{"@type":"BreadcrumbList","@id":"https:\/\/www.bagelcorner.fr\/bagel-corner-a-franchise-expo-2018\/#breadcrumb","itemListElement":[{"@type":"ListItem","position":1,"name":"Accueil","item":"https:\/\/www.bagelcorner.fr\/"},{"@type":"ListItem","position":2,"name":"Bagel Corner \u00e0 Franchise Expo 2018"}]},{"@type":"WebSite","@id":"https:\/\/www.bagelcorner.fr\/#website","url":"https:\/\/www.bagelcorner.fr\/","name":"Bagel Corner | Bagels - Donuts - Coffee","description":"We have a passion for bagels - don't you (yet)?","publisher":{"@id":"https:\/\/www.bagelcorner.fr\/#organization"},"potentialAction":[{"@type":"SearchAction","target":{"@type":"EntryPoint","urlTemplate":"https:\/\/www.bagelcorner.fr\/?s={search_term_string}"},"query-input":{"@type":"PropertyValueSpecification","valueRequired":true,"valueName":"search_term_string"}}],"inLanguage":"en-GB"},{"@type":"Organization","@id":"https:\/\/www.bagelcorner.fr\/#organization","name":"Bagel Corner | Bagels - Donuts - Coffee","url":"https:\/\/www.bagelcorner.fr\/","logo":{"@type":"ImageObject","inLanguage":"en-GB","@id":"https:\/\/www.bagelcorner.fr\/#\/schema\/logo\/image\/","url":"https:\/\/www.bagelcorner.fr\/wp-content\/uploads\/2023\/03\/cropped-cropped-LOGO-PASTILLE.png","contentUrl":"https:\/\/www.bagelcorner.fr\/wp-content\/uploads\/2023\/03\/cropped-cropped-LOGO-PASTILLE.png","width":511,"height":511,"caption":"Bagel Corner | Bagels - Donuts - Caf\u00e9"},"image":{"@id":"https:\/\/www.bagelcorner.fr\/#\/schema\/logo\/image\/"}},{"@type":"Person","@id":"https:\/\/www.bagelcorner.fr\/#\/schema\/person\/a6259c8df5cce982d8499888ca7daa61","name":"Myliadmin","image":{"@type":"ImageObject","inLanguage":"en-GB","@id":"https:\/\/secure.gravatar.com\/avatar\/21ceca4180d2badde41972fb76c119b32d16dc480d4123d6a501257ca41c826f?s=96&d=mm&r=g","url":"https:\/\/secure.gravatar.com\/avatar\/21ceca4180d2badde41972fb76c119b32d16dc480d4123d6a501257ca41c826f?s=96&d=mm&r=g","contentUrl":"https:\/\/secure.gravatar.com\/avatar\/21ceca4180d2badde41972fb76c119b32d16dc480d4123d6a501257ca41c826f?s=96&d=mm&r=g","caption":"Myliadmin"},"sameAs":["http:\/\/www.bagelcorner.fr"],"url":"https:\/\/www.bagelcorner.fr\/en\/author\/myliadmin\/"}]}},"_links":{"self":[{"href":"https:\/\/www.bagelcorner.fr\/en\/wp-json\/wp\/v2\/posts\/550","targetHints":{"allow":["GET"]}}],"collection":[{"href":"https:\/\/www.bagelcorner.fr\/en\/wp-json\/wp\/v2\/posts"}],"about":[{"href":"https:\/\/www.bagelcorner.fr\/en\/wp-json\/wp\/v2\/types\/post"}],"author":[{"embeddable":true,"href":"https:\/\/www.bagelcorner.fr\/en\/wp-json\/wp\/v2\/users\/1"}],"replies":[{"embeddable":true,"href":"https:\/\/www.bagelcorner.fr\/en\/wp-json\/wp\/v2\/comments?post=550"}],"version-history":[{"count":0,"href":"https:\/\/www.bagelcorner.fr\/en\/wp-json\/wp\/v2\/posts\/550\/revisions"}],"wp:featuredmedia":[{"embeddable":true,"href":"https:\/\/www.bagelcorner.fr\/en\/wp-json\/wp\/v2\/media\/602"}],"wp:attachment":[{"href":"https:\/\/www.bagelcorner.fr\/en\/wp-json\/wp\/v2\/media?parent=550"}],"wp:term":[{"taxonomy":"category","embeddable":true,"href":"https:\/\/www.bagelcorner.fr\/en\/wp-json\/wp\/v2\/categories?post=550"},{"taxonomy":"post_tag","embeddable":true,"href":"https:\/\/www.bagelcorner.fr\/en\/wp-json\/wp\/v2\/tags?post=550"}],"curies":[{"name":"wp","href":"https:\/\/api.w.org\/{rel}","templated":true}]}}