{"id":7742,"date":"2021-09-23T09:30:30","date_gmt":"2021-09-23T09:30:30","guid":{"rendered":"https:\/\/www.bagelcorner.fr\/?p=7742"},"modified":"2023-03-14T14:31:00","modified_gmt":"2023-03-14T14:31:00","slug":"rdv-sur-le-salon-de-la-franchise-du-26-au-29-septembre","status":"publish","type":"post","link":"https:\/\/www.bagelcorner.fr\/en\/rdv-sur-le-salon-de-la-franchise-du-26-au-29-septembre\/","title":{"rendered":"See you at the Franchise Exhibition from 26 to 29 September!"},"content":{"rendered":"<div data-elementor-type=\"wp-post\" data-elementor-id=\"7742\" class=\"elementor elementor-7742\" data-elementor-settings=\"{&quot;ha_cmc_init_switcher&quot;:&quot;no&quot;}\" data-elementor-post-type=\"post\">\n\t\t\t\t\t\t<section class=\"elementor-section elementor-top-section elementor-element elementor-element-42eea84 elementor-section-boxed elementor-section-height-default elementor-section-height-default\" data-id=\"42eea84\" data-element_type=\"section\" data-e-type=\"section\" data-settings=\"{&quot;_ha_eqh_enable&quot;:false}\">\n\t\t\t\t\t\t<div class=\"elementor-container elementor-column-gap-default\">\n\t\t\t\t\t<div class=\"elementor-column elementor-col-100 elementor-top-column elementor-element elementor-element-46cf611\" data-id=\"46cf611\" data-element_type=\"column\" data-e-type=\"column\">\n\t\t\t<div class=\"elementor-widget-wrap elementor-element-populated\">\n\t\t\t\t\t\t<div class=\"elementor-element elementor-element-e6ba264 elementor-widget elementor-widget-heading\" data-id=\"e6ba264\" data-element_type=\"widget\" data-e-type=\"widget\" data-widget_type=\"heading.default\">\n\t\t\t\t<div class=\"elementor-widget-container\">\n\t\t\t\t\t<h2 class=\"elementor-heading-title elementor-size-default\">Meet us at Franchise expo paris 2021<br><\/h2>\t\t\t\t<\/div>\n\t\t\t\t<\/div>\n\t\t\t\t<div class=\"elementor-element elementor-element-b45eb76 elementor-widget elementor-widget-text-editor\" data-id=\"b45eb76\" data-element_type=\"widget\" data-e-type=\"widget\" data-widget_type=\"text-editor.default\">\n\t\t\t\t<div class=\"elementor-widget-container\">\n\t\t\t\t\t\t\t\t\t<p dir=\"ltr\">Aurore has moved house, Th\u00e9o has finally taken his leave, our new doughnuts have sold like hotcakes (with holes, of course) but above all... Bagel Corner Nanterre has finally opened! Followed by a brand new Bagel Corner in the Ginko district of Bordeaux.<\/p><p dir=\"ltr\">We would like to welcome Mustapha and his team to Nanterre, as well as Sylvie and Laurent and their team in Bordeaux.<\/p><p dir=\"ltr\">The magic of bagels and doughnuts is just waiting to happen to our new members! (We're counting on you \ud83d\ude09).<\/p>\t\t\t\t\t\t\t\t<\/div>\n\t\t\t\t<\/div>\n\t\t\t\t\t<\/div>\n\t\t<\/div>\n\t\t\t\t\t<\/div>\n\t\t<\/section>\n\t\t\t\t<section class=\"elementor-section elementor-top-section elementor-element elementor-element-fde3d81 elementor-section-boxed elementor-section-height-default elementor-section-height-default\" data-id=\"fde3d81\" data-element_type=\"section\" data-e-type=\"section\" data-settings=\"{&quot;_ha_eqh_enable&quot;:false}\">\n\t\t\t\t\t\t<div class=\"elementor-container elementor-column-gap-default\">\n\t\t\t\t\t<div class=\"elementor-column elementor-col-100 elementor-top-column elementor-element elementor-element-632edc5\" data-id=\"632edc5\" data-element_type=\"column\" data-e-type=\"column\">\n\t\t\t<div class=\"elementor-widget-wrap elementor-element-populated\">\n\t\t\t\t\t\t<div class=\"elementor-element elementor-element-13513d1 elementor-widget elementor-widget-image\" data-id=\"13513d1\" data-element_type=\"widget\" data-e-type=\"widget\" data-widget_type=\"image.default\">\n\t\t\t\t<div class=\"elementor-widget-container\">\n\t\t\t\t\t\t\t\t\t\t\t\t\t\t\t<img fetchpriority=\"high\" decoding=\"async\" width=\"536\" height=\"360\" src=\"https:\/\/www.bagelcorner.fr\/wp-content\/uploads\/2021\/09\/unnamed.jpg\" class=\"attachment-large size-large wp-image-7743\" alt=\"\" srcset=\"https:\/\/www.bagelcorner.fr\/wp-content\/uploads\/2021\/09\/unnamed.jpg 536w, https:\/\/www.bagelcorner.fr\/wp-content\/uploads\/2021\/09\/unnamed-300x201.jpg 300w, https:\/\/www.bagelcorner.fr\/wp-content\/uploads\/2021\/09\/unnamed-18x12.jpg 18w\" sizes=\"(max-width: 536px) 100vw, 536px\" \/>\t\t\t\t\t\t\t\t\t\t\t\t\t\t\t<\/div>\n\t\t\t\t<\/div>\n\t\t\t\t\t<\/div>\n\t\t<\/div>\n\t\t\t\t\t<\/div>\n\t\t<\/section>\n\t\t\t\t<section class=\"elementor-section elementor-top-section elementor-element elementor-element-c406b2d elementor-section-boxed elementor-section-height-default elementor-section-height-default\" data-id=\"c406b2d\" data-element_type=\"section\" data-e-type=\"section\" data-settings=\"{&quot;_ha_eqh_enable&quot;:false}\">\n\t\t\t\t\t\t<div class=\"elementor-container elementor-column-gap-default\">\n\t\t\t\t\t<div class=\"elementor-column elementor-col-100 elementor-top-column elementor-element elementor-element-08cd1f5\" data-id=\"08cd1f5\" data-element_type=\"column\" data-e-type=\"column\">\n\t\t\t<div class=\"elementor-widget-wrap elementor-element-populated\">\n\t\t\t\t\t\t<div class=\"elementor-element elementor-element-cb1c9c0 elementor-widget elementor-widget-image\" data-id=\"cb1c9c0\" data-element_type=\"widget\" data-e-type=\"widget\" data-widget_type=\"image.default\">\n\t\t\t\t<div class=\"elementor-widget-container\">\n\t\t\t\t\t\t\t\t\t\t\t\t\t\t\t<img decoding=\"async\" width=\"535\" height=\"370\" src=\"https:\/\/www.bagelcorner.fr\/wp-content\/uploads\/2021\/09\/unnamed-1.jpg\" class=\"attachment-large size-large wp-image-7744\" alt=\"\" srcset=\"https:\/\/www.bagelcorner.fr\/wp-content\/uploads\/2021\/09\/unnamed-1.jpg 535w, https:\/\/www.bagelcorner.fr\/wp-content\/uploads\/2021\/09\/unnamed-1-300x207.jpg 300w, https:\/\/www.bagelcorner.fr\/wp-content\/uploads\/2021\/09\/unnamed-1-18x12.jpg 18w\" sizes=\"(max-width: 535px) 100vw, 535px\" \/>\t\t\t\t\t\t\t\t\t\t\t\t\t\t\t<\/div>\n\t\t\t\t<\/div>\n\t\t\t\t\t<\/div>\n\t\t<\/div>\n\t\t\t\t\t<\/div>\n\t\t<\/section>\n\t\t\t\t<section class=\"elementor-section elementor-top-section elementor-element elementor-element-093daf4 elementor-section-boxed elementor-section-height-default elementor-section-height-default\" data-id=\"093daf4\" data-element_type=\"section\" data-e-type=\"section\" data-settings=\"{&quot;_ha_eqh_enable&quot;:false}\">\n\t\t\t\t\t\t<div class=\"elementor-container elementor-column-gap-default\">\n\t\t\t\t\t<div class=\"elementor-column elementor-col-100 elementor-top-column elementor-element elementor-element-0d2660d\" data-id=\"0d2660d\" data-element_type=\"column\" data-e-type=\"column\">\n\t\t\t<div class=\"elementor-widget-wrap elementor-element-populated\">\n\t\t\t\t\t\t<div class=\"elementor-element elementor-element-d6e733a elementor-widget elementor-widget-text-editor\" data-id=\"d6e733a\" data-element_type=\"widget\" data-e-type=\"widget\" data-widget_type=\"text-editor.default\">\n\t\t\t\t<div class=\"elementor-widget-container\">\n\t\t\t\t\t\t\t\t\t<p dir=\"ltr\"><strong>The autumn programme includes a long-awaited trade show...<\/strong><\/p><p dir=\"ltr\">The 2021 edition of Franchise Expo Paris is just around the corner! It's a long-awaited event, as the health crisis forced the postponement of the 2020 edition.\u00a0<\/p><p dir=\"ltr\">This trade fair gives (future) entrepreneurs the opportunity to come and meet brands and discover the world of franchising. Bagel Corner is proud to take part again, and has done so for several years now.\u00a0<strong>All the network's key players are mobilised for the occasion:<\/strong>\u00a0Jean-Marc, Maureen, Th\u00e9ophile, J\u00e9r\u00e9my, Micha\u00ebl, Rachid, Aurore, Prisca... in short, it's all hands on deck as we prepare for a great show.\u00a0<\/p><p dir=\"ltr\">Every year, our stand is a replica of a restaurant, allowing us to present the concept to visitors. This year is no exception, and we'll be ready to welcome you to the latest version of our concept.\u00a0<strong>\"Bagels - Donuts - Coffee<\/strong>with a stand all spiced up for the occasion.<\/p>\t\t\t\t\t\t\t\t<\/div>\n\t\t\t\t<\/div>\n\t\t\t\t\t<\/div>\n\t\t<\/div>\n\t\t\t\t\t<\/div>\n\t\t<\/section>\n\t\t\t\t<section class=\"elementor-section elementor-top-section elementor-element elementor-element-cc14b62 elementor-section-boxed elementor-section-height-default elementor-section-height-default\" data-id=\"cc14b62\" data-element_type=\"section\" data-e-type=\"section\" data-settings=\"{&quot;_ha_eqh_enable&quot;:false}\">\n\t\t\t\t\t\t<div class=\"elementor-container elementor-column-gap-default\">\n\t\t\t\t\t<div class=\"elementor-column elementor-col-100 elementor-top-column elementor-element elementor-element-565b189\" data-id=\"565b189\" data-element_type=\"column\" data-e-type=\"column\">\n\t\t\t<div class=\"elementor-widget-wrap elementor-element-populated\">\n\t\t\t\t\t\t<div class=\"elementor-element elementor-element-2a40b96 elementor-widget elementor-widget-image\" data-id=\"2a40b96\" data-element_type=\"widget\" data-e-type=\"widget\" data-widget_type=\"image.default\">\n\t\t\t\t<div class=\"elementor-widget-container\">\n\t\t\t\t\t\t\t\t\t\t\t\t\t\t\t<img decoding=\"async\" width=\"800\" height=\"200\" src=\"https:\/\/www.bagelcorner.fr\/wp-content\/uploads\/2021\/09\/unnamed-2-1024x256.jpg\" class=\"attachment-large size-large wp-image-7745\" alt=\"\" srcset=\"https:\/\/www.bagelcorner.fr\/wp-content\/uploads\/2021\/09\/unnamed-2-1024x256.jpg 1024w, https:\/\/www.bagelcorner.fr\/wp-content\/uploads\/2021\/09\/unnamed-2-300x75.jpg 300w, https:\/\/www.bagelcorner.fr\/wp-content\/uploads\/2021\/09\/unnamed-2-768x192.jpg 768w, https:\/\/www.bagelcorner.fr\/wp-content\/uploads\/2021\/09\/unnamed-2-1536x384.jpg 1536w, https:\/\/www.bagelcorner.fr\/wp-content\/uploads\/2021\/09\/unnamed-2-18x5.jpg 18w, https:\/\/www.bagelcorner.fr\/wp-content\/uploads\/2021\/09\/unnamed-2.jpg 1584w\" sizes=\"(max-width: 800px) 100vw, 800px\" \/>\t\t\t\t\t\t\t\t\t\t\t\t\t\t\t<\/div>\n\t\t\t\t<\/div>\n\t\t\t\t\t<\/div>\n\t\t<\/div>\n\t\t\t\t\t<\/div>\n\t\t<\/section>\n\t\t\t\t<section class=\"elementor-section elementor-top-section elementor-element elementor-element-97391a4 elementor-section-boxed elementor-section-height-default elementor-section-height-default\" data-id=\"97391a4\" data-element_type=\"section\" data-e-type=\"section\" data-settings=\"{&quot;_ha_eqh_enable&quot;:false}\">\n\t\t\t\t\t\t<div class=\"elementor-container elementor-column-gap-default\">\n\t\t\t\t\t<div class=\"elementor-column elementor-col-100 elementor-top-column elementor-element elementor-element-8877dd9\" data-id=\"8877dd9\" data-element_type=\"column\" data-e-type=\"column\">\n\t\t\t<div class=\"elementor-widget-wrap elementor-element-populated\">\n\t\t\t\t\t\t<div class=\"elementor-element elementor-element-fd2ae3c elementor-widget elementor-widget-text-editor\" data-id=\"fd2ae3c\" data-element_type=\"widget\" data-e-type=\"widget\" data-widget_type=\"text-editor.default\">\n\t\t\t\t<div class=\"elementor-widget-container\">\n\t\t\t\t\t\t\t\t\t<p dir=\"ltr\"><strong>Teasing these 4 days\u00a0<\/strong>With the launch of a new product (round with a hole in it) and a host of equally tasty recipes (did you find it?!), a new format, the presence of our licence-holders for feedback from the field and an answer to the famous question \"is it good in real life?\"... We've pulled out all the stops for our reunion!<\/p><p dir=\"ltr\"><strong>So if you'd like to find out more about the brand and its concept, come and meet us.\u00a0<a href=\"https:\/\/bagelcorner.us9.list-manage.com\/track\/click?u=8da2015b455efa8a19e19edb3&amp;id=f02faee4a1&amp;e=757d5172b0\" target=\"_blank\" rel=\"noopener\" data-saferedirecturl=\"https:\/\/www.google.com\/url?q=https:\/\/bagelcorner.us9.list-manage.com\/track\/click?u%3D8da2015b455efa8a19e19edb3%26id%3Df02faee4a1%26e%3D757d5172b0&amp;source=gmail&amp;ust=1632474243721000&amp;usg=AFQjCNHVD0RNVTlkeJeCKTsPpU3lRKu5FA\">order your badge now<\/a>.<\/strong><\/p><p>Franchise Expo Paris 2021, at last!<\/p><p dir=\"ltr\">\u00a0<\/p><p dir=\"ltr\">And for those who haven't seen it, the replay of the show\u00a0<strong>\"The right questions to ask yourself before taking the plunge\".<\/strong>it's here \ud83d\udc47<\/p>\t\t\t\t\t\t\t\t<\/div>\n\t\t\t\t<\/div>\n\t\t\t\t\t<\/div>\n\t\t<\/div>\n\t\t\t\t\t<\/div>\n\t\t<\/section>\n\t\t\t\t<section class=\"elementor-section elementor-top-section elementor-element elementor-element-a577e7a elementor-section-boxed elementor-section-height-default elementor-section-height-default\" data-id=\"a577e7a\" data-element_type=\"section\" data-e-type=\"section\" data-settings=\"{&quot;_ha_eqh_enable&quot;:false}\">\n\t\t\t\t\t\t<div class=\"elementor-container elementor-column-gap-default\">\n\t\t\t\t\t<div class=\"elementor-column elementor-col-100 elementor-top-column elementor-element elementor-element-0343c4b\" data-id=\"0343c4b\" data-element_type=\"column\" data-e-type=\"column\">\n\t\t\t<div class=\"elementor-widget-wrap elementor-element-populated\">\n\t\t\t\t\t\t<div class=\"elementor-element elementor-element-a01d440 elementor-widget elementor-widget-video\" data-id=\"a01d440\" data-element_type=\"widget\" data-e-type=\"widget\" data-settings=\"{&quot;video_type&quot;:&quot;vimeo&quot;,&quot;autoplay&quot;:&quot;yes&quot;}\" data-widget_type=\"video.default\">\n\t\t\t\t<div class=\"elementor-widget-container\">\n\t\t\t\t\t\t\t<div class=\"elementor-wrapper elementor-open-inline\">\n\t\t\t<iframe class=\"elementor-video-iframe\" allowfullscreen allow=\"autoplay\" title=\"vimeo Video Player\" src=\"https:\/\/player.vimeo.com\/video\/604590488?autoplay=1&amp;color&amp;autopause=0&amp;loop=0&amp;muted=0&amp;title=1&amp;portrait=1&amp;byline=1#t=\" data-no-translation-title=\"\"><\/iframe>\t\t<\/div>\n\t\t\t\t\t\t<\/div>\n\t\t\t\t<\/div>\n\t\t\t\t\t<\/div>\n\t\t<\/div>\n\t\t\t\t\t<\/div>\n\t\t<\/section>\n\t\t\t\t<section class=\"elementor-section elementor-top-section elementor-element elementor-element-b7c9ae2 elementor-section-boxed elementor-section-height-default elementor-section-height-default\" data-id=\"b7c9ae2\" data-element_type=\"section\" data-e-type=\"section\" data-settings=\"{&quot;_ha_eqh_enable&quot;:false}\">\n\t\t\t\t\t\t<div class=\"elementor-container elementor-column-gap-default\">\n\t\t\t\t\t<div class=\"elementor-column elementor-col-100 elementor-top-column elementor-element elementor-element-d186a78\" data-id=\"d186a78\" data-element_type=\"column\" data-e-type=\"column\">\n\t\t\t<div class=\"elementor-widget-wrap elementor-element-populated\">\n\t\t\t\t\t\t<div class=\"elementor-element elementor-element-36543aa elementor-widget elementor-widget-text-editor\" data-id=\"36543aa\" data-element_type=\"widget\" data-e-type=\"widget\" data-widget_type=\"text-editor.default\">\n\t\t\t\t<div class=\"elementor-widget-container\">\n\t\t\t\t\t\t\t\t\t<p dir=\"ltr\">A great way to promote franchising as a springboard to entrepreneurship. Prisca Ingremeau, our Development Director, was on St\u00e9phane Joubert's show to answer all the questions you're probably asking yourself before taking the plunge.\u00a0<\/p><p dir=\"ltr\"><strong>Prisca is even nicer in person, so make sure you visit the Bagel Corner stand P 57 when you're there to meet her!<\/strong><\/p>\t\t\t\t\t\t\t\t<\/div>\n\t\t\t\t<\/div>\n\t\t\t\t\t<\/div>\n\t\t<\/div>\n\t\t\t\t\t<\/div>\n\t\t<\/section>\n\t\t\t\t<section class=\"elementor-section elementor-top-section elementor-element elementor-element-1b76284 elementor-section-boxed elementor-section-height-default elementor-section-height-default\" data-id=\"1b76284\" data-element_type=\"section\" data-e-type=\"section\" data-settings=\"{&quot;_ha_eqh_enable&quot;:false}\">\n\t\t\t\t\t\t<div class=\"elementor-container elementor-column-gap-default\">\n\t\t\t\t\t<div class=\"elementor-column elementor-col-100 elementor-top-column elementor-element elementor-element-0be380c\" data-id=\"0be380c\" data-element_type=\"column\" data-e-type=\"column\">\n\t\t\t<div class=\"elementor-widget-wrap elementor-element-populated\">\n\t\t\t\t\t\t<div class=\"elementor-element elementor-element-14e03e0 elementor-widget elementor-widget-text-editor\" data-id=\"14e03e0\" data-element_type=\"widget\" data-e-type=\"widget\" data-widget_type=\"text-editor.default\">\n\t\t\t\t<div class=\"elementor-widget-container\">\n\t\t\t\t\t\t\t\t\t<p>\u00a0<\/p><p style=\"text-align: center;\">Contact for\u00a0<strong>become a licensee of the Bagel Corner network<\/strong>\u00a0:<br \/><a href=\"mailto:prisca@bagelcorner.fr\" target=\"_blank\" rel=\"noopener\">prisca@bagelcorner.fr<\/a><br \/>Prisca Ingremeau - 07 49 19 79 03 - Development Director\u00a0<\/p><p>\u00a0<\/p><hr \/><p>\u00a0<\/p><p style=\"text-align: center;\">Contact\u00a0<strong>press and documentation<\/strong>\u00a0:<br \/><a href=\"mailto:michael@bagelcorner.fr?subject=Presse%20et%20Documentation&amp;body=Message%20suite%20%C3%A0%20la%20Newsletter\" target=\"_blank\" rel=\"noopener\">michael@bagelcorner.fr<\/a><br \/>Micha\u00ebl COHEN - 06 79 46 93 49 - Co-founder<\/p><p>\u00a0<\/p><hr \/><p>\u00a0<\/p><p style=\"text-align: center;\"><span style=\"text-decoration: underline;\"><a href=\"https:\/\/www.bagelcorner.fr\/wp-content\/uploads\/2021\/09\/03-Revue-de-presse_BC_2021_HD_web.pdf?utm_source=Communiqu%C3%A9+de+presse+Bagel+Corner&amp;utm_campaign=94ab9ec556-EMAIL_CAMPAIGN_2_1_2018_COPY_01&amp;utm_medium=email&amp;utm_term=0_61e5ef9338-94ab9ec556-565343409\" target=\"_blank\" rel=\"noopener\" data-saferedirecturl=\"https:\/\/www.google.com\/url?q=https:\/\/bagelcorner.us9.list-manage.com\/track\/click?u%3D8da2015b455efa8a19e19edb3%26id%3D5c2d135728%26e%3D757d5172b0&amp;source=gmail&amp;ust=1632474243722000&amp;usg=AFQjCNHAs9LnyKKVaIj_RV-G13qI550sgg\">Press review<\/a><\/span>\u00a0|\u00a0<span style=\"text-decoration: underline;\"><a href=\"https:\/\/www.bagelcorner.fr\/wp-content\/uploads\/2021\/09\/01-Presentation_generale_BC_2021_HD_web.pdf?utm_source=Communiqu%C3%A9+de+presse+Bagel+Corner&amp;utm_campaign=94ab9ec556-EMAIL_CAMPAIGN_2_1_2018_COPY_01&amp;utm_medium=email&amp;utm_term=0_61e5ef9338-94ab9ec556-565343409\" target=\"_blank\" rel=\"noopener\" data-saferedirecturl=\"https:\/\/www.google.com\/url?q=https:\/\/bagelcorner.us9.list-manage.com\/track\/click?u%3D8da2015b455efa8a19e19edb3%26id%3D3f70b278ee%26e%3D757d5172b0&amp;source=gmail&amp;ust=1632474243722000&amp;usg=AFQjCNHwRCIKsYni-g7LDCHqOLDWI4sJJQ\">General presentation<\/a><\/span><br \/><span style=\"text-decoration: underline;\"><a href=\"https:\/\/www.bagelcorner.fr\/wp-content\/uploads\/2021\/09\/02-Conditions_licence_de_marque_BC_2021_HD_web.pdf?utm_source=Communiqu%C3%A9+de+presse+Bagel+Corner&amp;utm_campaign=94ab9ec556-EMAIL_CAMPAIGN_2_1_2018_COPY_01&amp;utm_medium=email&amp;utm_term=0_61e5ef9338-94ab9ec556-565343409\" target=\"_blank\" rel=\"noopener\" data-saferedirecturl=\"https:\/\/www.google.com\/url?q=https:\/\/bagelcorner.us9.list-manage.com\/track\/click?u%3D8da2015b455efa8a19e19edb3%26id%3D0a09388478%26e%3D757d5172b0&amp;source=gmail&amp;ust=1632474243722000&amp;usg=AFQjCNHxfGZsRHMnEzp_ooMkTNVvb3tNtw\">Brand licence conditions<\/a><\/span>\u00a0|\u00a0<span style=\"text-decoration: underline;\"><a href=\"https:\/\/www.bagelcorner.fr\/en\/devenir-franchise-bagel-corner\/?utm_source=Communiqu%C3%A9+de+presse+Bagel+Corner&amp;utm_campaign=94ab9ec556-EMAIL_CAMPAIGN_2_1_2018_COPY_01&amp;utm_medium=email&amp;utm_term=0_61e5ef9338-94ab9ec556-565343409\" target=\"_blank\" rel=\"noopener\" data-saferedirecturl=\"https:\/\/www.google.com\/url?q=https:\/\/bagelcorner.us9.list-manage.com\/track\/click?u%3D8da2015b455efa8a19e19edb3%26id%3D48cf927786%26e%3D757d5172b0&amp;source=gmail&amp;ust=1632474243722000&amp;usg=AFQjCNFRLak9GVBw-uh62VwpxczHzYszDw\">Application form<\/a><\/span><\/p><p>\u00a0<\/p>\t\t\t\t\t\t\t\t<\/div>\n\t\t\t\t<\/div>\n\t\t\t\t\t<\/div>\n\t\t<\/div>\n\t\t\t\t\t<\/div>\n\t\t<\/section>\n\t\t\t\t<\/div>","protected":false},"excerpt":{"rendered":"<p>See you at the Franchise expo Paris 2021 Aurore has moved house, Th\u00e9o has finally taken his holidays, our new donuts have sold like hotcakes (with holes, of course) but above all... Bagel Corner Nanterre has finally opened! Followed by a brand new Bagel Corner in the Ginko district of Bordeaux. We wish you all the [...]<\/p>","protected":false},"author":1,"featured_media":7743,"comment_status":"closed","ping_status":"closed","sticky":false,"template":"","format":"standard","meta":{"footnotes":""},"categories":[10,74],"tags":[],"class_list":["post-7742","post","type-post","status-publish","format-standard","has-post-thumbnail","hentry","category-les-news-du-reseau-bagel-corner","category-news"],"yoast_head":"<!-- This site is optimized with the Yoast SEO plugin v27.5 - https:\/\/yoast.com\/product\/yoast-seo-wordpress\/ -->\n<title>RDV sur le salon de la franchise du 26 au 29 septembre !<\/title>\n<meta name=\"robots\" content=\"index, follow, max-snippet:-1, max-image-preview:large, max-video-preview:-1\" \/>\n<link rel=\"canonical\" href=\"https:\/\/www.bagelcorner.fr\/en\/rdv-sur-le-salon-de-la-franchise-du-26-au-29-septembre\/\" \/>\n<meta property=\"og:locale\" content=\"en_GB\" \/>\n<meta property=\"og:type\" content=\"article\" \/>\n<meta property=\"og:title\" content=\"RDV sur le salon de la franchise du 26 au 29 septembre !\" \/>\n<meta property=\"og:description\" content=\"RDV sur le salon Franchise expo paris 2021 Aurore a d\u00e9m\u00e9nag\u00e9, Th\u00e9o a enfin pris ses cong\u00e9s, nos nouveaux donuts se sont vendus comme des petits pains (\u00e0 trou bien \u00e9videmment) mais surtout\u2026 Bagel Corner Nanterre a enfin ouvert ! Suivi d\u2019un tout nouveau Bagel Corner dans le quartier Ginko \u00e0 Bordeaux. Nous souhaitons la [&hellip;]\" \/>\n<meta property=\"og:url\" content=\"https:\/\/www.bagelcorner.fr\/en\/rdv-sur-le-salon-de-la-franchise-du-26-au-29-septembre\/\" \/>\n<meta property=\"og:site_name\" content=\"Bagel Corner | Bagels - Donuts - Caf\u00e9\" \/>\n<meta property=\"article:published_time\" content=\"2021-09-23T09:30:30+00:00\" \/>\n<meta property=\"article:modified_time\" content=\"2023-03-14T14:31:00+00:00\" \/>\n<meta property=\"og:image\" content=\"https:\/\/www.bagelcorner.fr\/wp-content\/uploads\/2021\/09\/unnamed.jpg\" \/>\n\t<meta property=\"og:image:width\" content=\"536\" \/>\n\t<meta property=\"og:image:height\" content=\"360\" \/>\n\t<meta property=\"og:image:type\" content=\"image\/jpeg\" \/>\n<meta name=\"author\" content=\"Myliadmin\" \/>\n<meta name=\"twitter:card\" content=\"summary_large_image\" \/>\n<meta name=\"twitter:label1\" content=\"Written by\" \/>\n\t<meta name=\"twitter:data1\" content=\"Myliadmin\" \/>\n\t<meta name=\"twitter:label2\" content=\"Estimated reading time\" \/>\n\t<meta name=\"twitter:data2\" content=\"3 minutes\" \/>\n<script type=\"application\/ld+json\" class=\"yoast-schema-graph\">{\"@context\":\"https:\\\/\\\/schema.org\",\"@graph\":[{\"@type\":\"Article\",\"@id\":\"https:\\\/\\\/www.bagelcorner.fr\\\/rdv-sur-le-salon-de-la-franchise-du-26-au-29-septembre\\\/#article\",\"isPartOf\":{\"@id\":\"https:\\\/\\\/www.bagelcorner.fr\\\/rdv-sur-le-salon-de-la-franchise-du-26-au-29-septembre\\\/\"},\"author\":{\"name\":\"Myliadmin\",\"@id\":\"https:\\\/\\\/www.bagelcorner.fr\\\/#\\\/schema\\\/person\\\/a6259c8df5cce982d8499888ca7daa61\"},\"headline\":\"RDV sur le salon de la franchise du 26 au 29 septembre !\",\"datePublished\":\"2021-09-23T09:30:30+00:00\",\"dateModified\":\"2023-03-14T14:31:00+00:00\",\"mainEntityOfPage\":{\"@id\":\"https:\\\/\\\/www.bagelcorner.fr\\\/rdv-sur-le-salon-de-la-franchise-du-26-au-29-septembre\\\/\"},\"wordCount\":568,\"publisher\":{\"@id\":\"https:\\\/\\\/www.bagelcorner.fr\\\/#organization\"},\"image\":{\"@id\":\"https:\\\/\\\/www.bagelcorner.fr\\\/rdv-sur-le-salon-de-la-franchise-du-26-au-29-septembre\\\/#primaryimage\"},\"thumbnailUrl\":\"https:\\\/\\\/www.bagelcorner.fr\\\/wp-content\\\/uploads\\\/2021\\\/09\\\/unnamed.jpg\",\"articleSection\":[\"Les news du r\u00e9seau Bagel Corner\",\"News\"],\"inLanguage\":\"en-GB\"},{\"@type\":\"WebPage\",\"@id\":\"https:\\\/\\\/www.bagelcorner.fr\\\/rdv-sur-le-salon-de-la-franchise-du-26-au-29-septembre\\\/\",\"url\":\"https:\\\/\\\/www.bagelcorner.fr\\\/rdv-sur-le-salon-de-la-franchise-du-26-au-29-septembre\\\/\",\"name\":\"RDV sur le salon de la franchise du 26 au 29 septembre !\",\"isPartOf\":{\"@id\":\"https:\\\/\\\/www.bagelcorner.fr\\\/#website\"},\"primaryImageOfPage\":{\"@id\":\"https:\\\/\\\/www.bagelcorner.fr\\\/rdv-sur-le-salon-de-la-franchise-du-26-au-29-septembre\\\/#primaryimage\"},\"image\":{\"@id\":\"https:\\\/\\\/www.bagelcorner.fr\\\/rdv-sur-le-salon-de-la-franchise-du-26-au-29-septembre\\\/#primaryimage\"},\"thumbnailUrl\":\"https:\\\/\\\/www.bagelcorner.fr\\\/wp-content\\\/uploads\\\/2021\\\/09\\\/unnamed.jpg\",\"datePublished\":\"2021-09-23T09:30:30+00:00\",\"dateModified\":\"2023-03-14T14:31:00+00:00\",\"breadcrumb\":{\"@id\":\"https:\\\/\\\/www.bagelcorner.fr\\\/rdv-sur-le-salon-de-la-franchise-du-26-au-29-septembre\\\/#breadcrumb\"},\"inLanguage\":\"en-GB\",\"potentialAction\":[{\"@type\":\"ReadAction\",\"target\":[\"https:\\\/\\\/www.bagelcorner.fr\\\/rdv-sur-le-salon-de-la-franchise-du-26-au-29-septembre\\\/\"]}]},{\"@type\":\"ImageObject\",\"inLanguage\":\"en-GB\",\"@id\":\"https:\\\/\\\/www.bagelcorner.fr\\\/rdv-sur-le-salon-de-la-franchise-du-26-au-29-septembre\\\/#primaryimage\",\"url\":\"https:\\\/\\\/www.bagelcorner.fr\\\/wp-content\\\/uploads\\\/2021\\\/09\\\/unnamed.jpg\",\"contentUrl\":\"https:\\\/\\\/www.bagelcorner.fr\\\/wp-content\\\/uploads\\\/2021\\\/09\\\/unnamed.jpg\",\"width\":536,\"height\":360},{\"@type\":\"BreadcrumbList\",\"@id\":\"https:\\\/\\\/www.bagelcorner.fr\\\/rdv-sur-le-salon-de-la-franchise-du-26-au-29-septembre\\\/#breadcrumb\",\"itemListElement\":[{\"@type\":\"ListItem\",\"position\":1,\"name\":\"Accueil\",\"item\":\"https:\\\/\\\/www.bagelcorner.fr\\\/\"},{\"@type\":\"ListItem\",\"position\":2,\"name\":\"RDV sur le salon de la franchise du 26 au 29 septembre !\"}]},{\"@type\":\"WebSite\",\"@id\":\"https:\\\/\\\/www.bagelcorner.fr\\\/#website\",\"url\":\"https:\\\/\\\/www.bagelcorner.fr\\\/\",\"name\":\"Bagel Corner | Bagels - Donuts - Caf\u00e9\",\"description\":\"Nous avons la passion du bagel \u2013 pas (encore) vous ?\",\"publisher\":{\"@id\":\"https:\\\/\\\/www.bagelcorner.fr\\\/#organization\"},\"potentialAction\":[{\"@type\":\"SearchAction\",\"target\":{\"@type\":\"EntryPoint\",\"urlTemplate\":\"https:\\\/\\\/www.bagelcorner.fr\\\/?s={search_term_string}\"},\"query-input\":{\"@type\":\"PropertyValueSpecification\",\"valueRequired\":true,\"valueName\":\"search_term_string\"}}],\"inLanguage\":\"en-GB\"},{\"@type\":\"Organization\",\"@id\":\"https:\\\/\\\/www.bagelcorner.fr\\\/#organization\",\"name\":\"Bagel Corner | Bagels - Donuts - Caf\u00e9\",\"url\":\"https:\\\/\\\/www.bagelcorner.fr\\\/\",\"logo\":{\"@type\":\"ImageObject\",\"inLanguage\":\"en-GB\",\"@id\":\"https:\\\/\\\/www.bagelcorner.fr\\\/#\\\/schema\\\/logo\\\/image\\\/\",\"url\":\"https:\\\/\\\/www.bagelcorner.fr\\\/wp-content\\\/uploads\\\/2023\\\/03\\\/cropped-cropped-LOGO-PASTILLE.png\",\"contentUrl\":\"https:\\\/\\\/www.bagelcorner.fr\\\/wp-content\\\/uploads\\\/2023\\\/03\\\/cropped-cropped-LOGO-PASTILLE.png\",\"width\":511,\"height\":511,\"caption\":\"Bagel Corner | Bagels - Donuts - Caf\u00e9\"},\"image\":{\"@id\":\"https:\\\/\\\/www.bagelcorner.fr\\\/#\\\/schema\\\/logo\\\/image\\\/\"}},{\"@type\":\"Person\",\"@id\":\"https:\\\/\\\/www.bagelcorner.fr\\\/#\\\/schema\\\/person\\\/a6259c8df5cce982d8499888ca7daa61\",\"name\":\"Myliadmin\",\"image\":{\"@type\":\"ImageObject\",\"inLanguage\":\"en-GB\",\"@id\":\"https:\\\/\\\/secure.gravatar.com\\\/avatar\\\/21ceca4180d2badde41972fb76c119b32d16dc480d4123d6a501257ca41c826f?s=96&d=mm&r=g\",\"url\":\"https:\\\/\\\/secure.gravatar.com\\\/avatar\\\/21ceca4180d2badde41972fb76c119b32d16dc480d4123d6a501257ca41c826f?s=96&d=mm&r=g\",\"contentUrl\":\"https:\\\/\\\/secure.gravatar.com\\\/avatar\\\/21ceca4180d2badde41972fb76c119b32d16dc480d4123d6a501257ca41c826f?s=96&d=mm&r=g\",\"caption\":\"Myliadmin\"},\"sameAs\":[\"http:\\\/\\\/www.bagelcorner.fr\"],\"url\":\"https:\\\/\\\/www.bagelcorner.fr\\\/en\\\/author\\\/myliadmin\\\/\"}]}<\/script>\n<!-- \/ Yoast SEO plugin. -->","yoast_head_json":{"title":"See you at the Franchise Exhibition from 26 to 29 September!","robots":{"index":"index","follow":"follow","max-snippet":"max-snippet:-1","max-image-preview":"max-image-preview:large","max-video-preview":"max-video-preview:-1"},"canonical":"https:\/\/www.bagelcorner.fr\/en\/rdv-sur-le-salon-de-la-franchise-du-26-au-29-septembre\/","og_locale":"en_GB","og_type":"article","og_title":"RDV sur le salon de la franchise du 26 au 29 septembre !","og_description":"RDV sur le salon Franchise expo paris 2021 Aurore a d\u00e9m\u00e9nag\u00e9, Th\u00e9o a enfin pris ses cong\u00e9s, nos nouveaux donuts se sont vendus comme des petits pains (\u00e0 trou bien \u00e9videmment) mais surtout\u2026 Bagel Corner Nanterre a enfin ouvert ! Suivi d\u2019un tout nouveau Bagel Corner dans le quartier Ginko \u00e0 Bordeaux. Nous souhaitons la [&hellip;]","og_url":"https:\/\/www.bagelcorner.fr\/en\/rdv-sur-le-salon-de-la-franchise-du-26-au-29-septembre\/","og_site_name":"Bagel Corner | Bagels - Donuts - Caf\u00e9","article_published_time":"2021-09-23T09:30:30+00:00","article_modified_time":"2023-03-14T14:31:00+00:00","og_image":[{"width":536,"height":360,"url":"https:\/\/www.bagelcorner.fr\/wp-content\/uploads\/2021\/09\/unnamed.jpg","type":"image\/jpeg"}],"author":"Myliadmin","twitter_card":"summary_large_image","twitter_misc":{"Written by":"Myliadmin","Estimated reading time":"3 minutes"},"schema":{"@context":"https:\/\/schema.org","@graph":[{"@type":"Article","@id":"https:\/\/www.bagelcorner.fr\/rdv-sur-le-salon-de-la-franchise-du-26-au-29-septembre\/#article","isPartOf":{"@id":"https:\/\/www.bagelcorner.fr\/rdv-sur-le-salon-de-la-franchise-du-26-au-29-septembre\/"},"author":{"name":"Myliadmin","@id":"https:\/\/www.bagelcorner.fr\/#\/schema\/person\/a6259c8df5cce982d8499888ca7daa61"},"headline":"RDV sur le salon de la franchise du 26 au 29 septembre !","datePublished":"2021-09-23T09:30:30+00:00","dateModified":"2023-03-14T14:31:00+00:00","mainEntityOfPage":{"@id":"https:\/\/www.bagelcorner.fr\/rdv-sur-le-salon-de-la-franchise-du-26-au-29-septembre\/"},"wordCount":568,"publisher":{"@id":"https:\/\/www.bagelcorner.fr\/#organization"},"image":{"@id":"https:\/\/www.bagelcorner.fr\/rdv-sur-le-salon-de-la-franchise-du-26-au-29-septembre\/#primaryimage"},"thumbnailUrl":"https:\/\/www.bagelcorner.fr\/wp-content\/uploads\/2021\/09\/unnamed.jpg","articleSection":["Les news du r\u00e9seau Bagel Corner","News"],"inLanguage":"en-GB"},{"@type":"WebPage","@id":"https:\/\/www.bagelcorner.fr\/rdv-sur-le-salon-de-la-franchise-du-26-au-29-septembre\/","url":"https:\/\/www.bagelcorner.fr\/rdv-sur-le-salon-de-la-franchise-du-26-au-29-septembre\/","name":"See you at the Franchise Exhibition from 26 to 29 September!","isPartOf":{"@id":"https:\/\/www.bagelcorner.fr\/#website"},"primaryImageOfPage":{"@id":"https:\/\/www.bagelcorner.fr\/rdv-sur-le-salon-de-la-franchise-du-26-au-29-septembre\/#primaryimage"},"image":{"@id":"https:\/\/www.bagelcorner.fr\/rdv-sur-le-salon-de-la-franchise-du-26-au-29-septembre\/#primaryimage"},"thumbnailUrl":"https:\/\/www.bagelcorner.fr\/wp-content\/uploads\/2021\/09\/unnamed.jpg","datePublished":"2021-09-23T09:30:30+00:00","dateModified":"2023-03-14T14:31:00+00:00","breadcrumb":{"@id":"https:\/\/www.bagelcorner.fr\/rdv-sur-le-salon-de-la-franchise-du-26-au-29-septembre\/#breadcrumb"},"inLanguage":"en-GB","potentialAction":[{"@type":"ReadAction","target":["https:\/\/www.bagelcorner.fr\/rdv-sur-le-salon-de-la-franchise-du-26-au-29-septembre\/"]}]},{"@type":"ImageObject","inLanguage":"en-GB","@id":"https:\/\/www.bagelcorner.fr\/rdv-sur-le-salon-de-la-franchise-du-26-au-29-septembre\/#primaryimage","url":"https:\/\/www.bagelcorner.fr\/wp-content\/uploads\/2021\/09\/unnamed.jpg","contentUrl":"https:\/\/www.bagelcorner.fr\/wp-content\/uploads\/2021\/09\/unnamed.jpg","width":536,"height":360},{"@type":"BreadcrumbList","@id":"https:\/\/www.bagelcorner.fr\/rdv-sur-le-salon-de-la-franchise-du-26-au-29-septembre\/#breadcrumb","itemListElement":[{"@type":"ListItem","position":1,"name":"Accueil","item":"https:\/\/www.bagelcorner.fr\/"},{"@type":"ListItem","position":2,"name":"RDV sur le salon de la franchise du 26 au 29 septembre !"}]},{"@type":"WebSite","@id":"https:\/\/www.bagelcorner.fr\/#website","url":"https:\/\/www.bagelcorner.fr\/","name":"Bagel Corner | Bagels - Donuts - Coffee","description":"We have a passion for bagels - don't you (yet)?","publisher":{"@id":"https:\/\/www.bagelcorner.fr\/#organization"},"potentialAction":[{"@type":"SearchAction","target":{"@type":"EntryPoint","urlTemplate":"https:\/\/www.bagelcorner.fr\/?s={search_term_string}"},"query-input":{"@type":"PropertyValueSpecification","valueRequired":true,"valueName":"search_term_string"}}],"inLanguage":"en-GB"},{"@type":"Organization","@id":"https:\/\/www.bagelcorner.fr\/#organization","name":"Bagel Corner | Bagels - Donuts - Coffee","url":"https:\/\/www.bagelcorner.fr\/","logo":{"@type":"ImageObject","inLanguage":"en-GB","@id":"https:\/\/www.bagelcorner.fr\/#\/schema\/logo\/image\/","url":"https:\/\/www.bagelcorner.fr\/wp-content\/uploads\/2023\/03\/cropped-cropped-LOGO-PASTILLE.png","contentUrl":"https:\/\/www.bagelcorner.fr\/wp-content\/uploads\/2023\/03\/cropped-cropped-LOGO-PASTILLE.png","width":511,"height":511,"caption":"Bagel Corner | Bagels - Donuts - Caf\u00e9"},"image":{"@id":"https:\/\/www.bagelcorner.fr\/#\/schema\/logo\/image\/"}},{"@type":"Person","@id":"https:\/\/www.bagelcorner.fr\/#\/schema\/person\/a6259c8df5cce982d8499888ca7daa61","name":"Myliadmin","image":{"@type":"ImageObject","inLanguage":"en-GB","@id":"https:\/\/secure.gravatar.com\/avatar\/21ceca4180d2badde41972fb76c119b32d16dc480d4123d6a501257ca41c826f?s=96&d=mm&r=g","url":"https:\/\/secure.gravatar.com\/avatar\/21ceca4180d2badde41972fb76c119b32d16dc480d4123d6a501257ca41c826f?s=96&d=mm&r=g","contentUrl":"https:\/\/secure.gravatar.com\/avatar\/21ceca4180d2badde41972fb76c119b32d16dc480d4123d6a501257ca41c826f?s=96&d=mm&r=g","caption":"Myliadmin"},"sameAs":["http:\/\/www.bagelcorner.fr"],"url":"https:\/\/www.bagelcorner.fr\/en\/author\/myliadmin\/"}]}},"_links":{"self":[{"href":"https:\/\/www.bagelcorner.fr\/en\/wp-json\/wp\/v2\/posts\/7742","targetHints":{"allow":["GET"]}}],"collection":[{"href":"https:\/\/www.bagelcorner.fr\/en\/wp-json\/wp\/v2\/posts"}],"about":[{"href":"https:\/\/www.bagelcorner.fr\/en\/wp-json\/wp\/v2\/types\/post"}],"author":[{"embeddable":true,"href":"https:\/\/www.bagelcorner.fr\/en\/wp-json\/wp\/v2\/users\/1"}],"replies":[{"embeddable":true,"href":"https:\/\/www.bagelcorner.fr\/en\/wp-json\/wp\/v2\/comments?post=7742"}],"version-history":[{"count":0,"href":"https:\/\/www.bagelcorner.fr\/en\/wp-json\/wp\/v2\/posts\/7742\/revisions"}],"wp:featuredmedia":[{"embeddable":true,"href":"https:\/\/www.bagelcorner.fr\/en\/wp-json\/wp\/v2\/media\/7743"}],"wp:attachment":[{"href":"https:\/\/www.bagelcorner.fr\/en\/wp-json\/wp\/v2\/media?parent=7742"}],"wp:term":[{"taxonomy":"category","embeddable":true,"href":"https:\/\/www.bagelcorner.fr\/en\/wp-json\/wp\/v2\/categories?post=7742"},{"taxonomy":"post_tag","embeddable":true,"href":"https:\/\/www.bagelcorner.fr\/en\/wp-json\/wp\/v2\/tags?post=7742"}],"curies":[{"name":"wp","href":"https:\/\/api.w.org\/{rel}","templated":true}]}}